{"id":28223,"date":"2023-07-24T14:36:14","date_gmt":"2023-07-24T12:36:14","guid":{"rendered":"https:\/\/international.franceclat.fr\/?p=28223"},"modified":"2023-07-24T15:09:43","modified_gmt":"2023-07-24T13:09:43","slug":"la-nouvelle-vague-un-vent-de-nouveaute-souffle-sur-la-joaillerie-francaise","status":"publish","type":"post","link":"https:\/\/international.franceclat.fr\/fr\/la-nouvelle-vague-un-vent-de-nouveaute-souffle-sur-la-joaillerie-francaise\/","title":{"rendered":"La Nouvelle Vague : un vent de nouveaut\u00e9 souffle sur la joaillerie fran\u00e7aise\u00a0"},"content":{"rendered":"\n<p><\/p>\n\n\n\n<p>Cet \u00e9t\u00e9, la Nouvelle Vague de joailliers fran\u00e7ais a le vent en poupe. Fra\u00eeche et scintillante, sa vision cr\u00e9ative lib\u00e9r\u00e9e a en effet de quoi inspirer. Ces nouveaux cr\u00e9ateurs d\u00e9complex\u00e9s surfent sur les tendances intemporelles Art d\u00e9co et les lignes \u00e9pur\u00e9s, proposant des collections architecturalement sophistiqu\u00e9es. Zoom sur le tourbillon inventif de la Nouvelle Vague fran\u00e7aise qui envoie valser les codes pour imaginer les futurs classiques.<\/p>\n\n\n\n<div class=\"wp-block-columns tiers-img-droite tiers-margin-left reverse-bloc-img-right is-layout-flex wp-container-core-columns-is-layout-9d6595d7 wp-block-columns-is-layout-flex\">\n<div class=\"wp-block-column is-layout-flow wp-block-column-is-layout-flow\">\n<h2 class=\"wp-block-heading\">Jolly Bijou, l\u2019Art d\u00e9co m\u00eal\u00e9 aux traits New-Yorkais<\/h2>\n\n\n\n<p>Joailli\u00e8re et fondatrice de la maison Jolly Bijou, Caroline Denis trouve son inspiration dans les lignes \u00e9pur\u00e9es et la g\u00e9om\u00e9trie de l\u2019architecture. Expatri\u00e9e \u00e0 New-York, la fran\u00e7aise m\u00e9lange avec audace, les codes du mouvement Art d\u00e9co avec la majestuosit\u00e9 des espaces rectilignes new-yorkais. C\u2019est l'un des traits caract\u00e9ristiques de la Nouvelle Vague joailli\u00e8re : s\u2019inspirer des lignes de l\u2019architecture pour proposer des pi\u00e8ces g\u00e9om\u00e9triques, astucieuses et \u00e9pur\u00e9es.<\/p>\n\n\n\n<p>Lorsqu\u2019elle dessine, Caroline Denis part toujours d\u2019une forme g\u00e9om\u00e9trique, mixe les tailles, joue les contrastes, proposant selon ses envies, des pierres en taille baguette ou princesse. Ces collections refl\u00e8tent parfaitement sa mani\u00e8re de travailler \u00e0 l\u2019image de la collection <em>Orb<\/em>, qui a commenc\u00e9 avec un bracelet, mettant en orbite un cabochon d'opale sur une manchette en or massif faisant face \u00e0 deux tourmalines serties dans un chaton. La bague prolonge la m\u00e9taphore en affichant deux pierres centrales de taille \u00e9meraude, entour\u00e9es de deux cabochons satellites pour une exp\u00e9rience cosmique.<\/p>\n<\/div>\n\n\n\n<div class=\"wp-block-column is-layout-flow wp-block-column-is-layout-flow\">\n<figure class=\"wp-block-image size-full\"><img loading=\"lazy\" decoding=\"async\" width=\"428\" height=\"642\" src=\"https:\/\/international.franceclat.fr\/wp-content\/uploads\/2023\/07\/Capture-decran-2023-07-17-161757.png\" alt=\"\" class=\"wp-image-28226\" srcset=\"https:\/\/international.franceclat.fr\/wp-content\/uploads\/2023\/07\/Capture-decran-2023-07-17-161757.png 428w, https:\/\/international.franceclat.fr\/wp-content\/uploads\/2023\/07\/Capture-decran-2023-07-17-161757-247x370.png 247w, https:\/\/international.franceclat.fr\/wp-content\/uploads\/2023\/07\/Capture-decran-2023-07-17-161757-333x500.png 333w\" sizes=\"auto, (max-width: 428px) 100vw, 428px\" \/><\/figure>\n<\/div>\n<\/div>\n\n\n\n<div class=\"wp-block-columns tiers-img-gauche tiers-margin-right is-layout-flex wp-container-core-columns-is-layout-9d6595d7 wp-block-columns-is-layout-flex\">\n<div class=\"wp-block-column is-layout-flow wp-block-column-is-layout-flow\">\n<figure class=\"wp-block-image size-full\"><img loading=\"lazy\" decoding=\"async\" width=\"577\" height=\"865\" src=\"https:\/\/international.franceclat.fr\/wp-content\/uploads\/2023\/07\/Capture-decran-2023-07-24-142014.png\" alt=\"\" class=\"wp-image-28234\" srcset=\"https:\/\/international.franceclat.fr\/wp-content\/uploads\/2023\/07\/Capture-decran-2023-07-24-142014.png 577w, https:\/\/international.franceclat.fr\/wp-content\/uploads\/2023\/07\/Capture-decran-2023-07-24-142014-247x370.png 247w, https:\/\/international.franceclat.fr\/wp-content\/uploads\/2023\/07\/Capture-decran-2023-07-24-142014-334x500.png 334w\" sizes=\"auto, (max-width: 577px) 100vw, 577px\" \/><\/figure>\n<\/div>\n\n\n\n<div class=\"wp-block-column is-layout-flow wp-block-column-is-layout-flow\">\n<h2 class=\"wp-block-heading\">Qitteri, la maison kal\u00e9idoscope des gemmes\u00a0\u00a0<\/h2>\n\n\n\n<p>Qitteri ne cherche pas l\u2019originalit\u00e9 \u00e0 tout prix mais un r\u00e9sultat \u00e9motionnel, un frisson d\u00e9licat provoqu\u00e9 par la beaut\u00e9. La maison privil\u00e9gie les lignes simples et \u00e9pur\u00e9es. Le but ? Aller \u00e0 l\u2019essentiel et proposer les \u201cclassiques\u201d de demain : des bijoux, hors du temps et des modes, simplement universels.<\/p>\n\n\n\n<p>Pour mettre en lumi\u00e8re le beau et inventer un nouveau monde de couleurs, la maison s\u2019est rapproch\u00e9e de l'architecte et designer Michel Tortel, l\u2019alchimiste de la lumi\u00e8re. Ses recherches ouvrent de nouveaux territoires esth\u00e9tiques, mariant les formes, les combinaisons de gemmes rares, choisis pour leurs couleurs et leur \u00e9clat. L\u2019architecte r\u00e9ussit ainsi le tour de force de r\u00e9v\u00e9ler l\u2019\u00e9clat et les nuances des gemmes \u00e0 chaque moment de la journ\u00e9e.<\/p>\n\n\n\n<p>C\u2019est l\u2019essence de toutes leurs collections \u00e0 l\u2019exemple de <em>Classym\u00e9trie<\/em> o\u00f9 Michel Tortel a explor\u00e9 le dialogue asym\u00e9trique et diff\u00e9rentes solutions pour porter les pierres et d\u00e9gager au maximum les angles de vue. Il multiplie ainsi les entr\u00e9es de lumi\u00e8re et offre la possibilit\u00e9 de contempler les faces des pierres g\u00e9n\u00e9ralement cach\u00e9es par les montures.<\/p>\n<\/div>\n<\/div>\n\n\n\n<div class=\"wp-block-columns tiers-img-droite tiers-margin-left reverse-bloc-img-right is-layout-flex wp-container-core-columns-is-layout-9d6595d7 wp-block-columns-is-layout-flex\">\n<div class=\"wp-block-column is-layout-flow wp-block-column-is-layout-flow\">\n<h2 class=\"wp-block-heading\">Sibylle Von M\u00fcnster, les miniatures architecturales<\/h2>\n\n\n\n<p>Sibylle Von M\u00fcnster fait partie de ceux qui, tr\u00e8s t\u00f4t, trouvent leur signature. La sienne s\u2019illustre par un quatuor gagnant : les courbes fragment\u00e9es, les formes architecturales, le mouvement et la finesse. R\u00e9solument contemporaine, chaque pi\u00e8ce est dessin\u00e9e autour du concept de l\u2019ouvert et du ferm\u00e9 pour sugg\u00e9rer le mouvement des formes. Autour de cet axe central se d\u00e9ploient des lignes directrices et un graphisme \u00e9pur\u00e9 empreint de d\u00e9licatesse et de l\u00e9g\u00e8ret\u00e9. Le bijou n\u2019est pas seulement un objet de parure, c\u2019est une ode au mouvement.<\/p>\n\n\n\n<p>Profond\u00e9ment inspir\u00e9e par l\u2019architecture quand elle met en valeur et sugg\u00e8re des formes modulables et mobiles, Sibylle Von M\u00fcnster prend appui sur ses inspirations pour r\u00e9aliser des bijoux qu\u2019elle qualifie de \u201cminiatures architecturales\u201d. <br>Sa collection <em>Fragment<\/em> illustre de mani\u00e8re \u00e9poustouflante la puissance du graphisme minimaliste qui fait la griffe de la cr\u00e9atrice. Ses cr\u00e9ations de cercles fragment\u00e9s s\u2019inscrivent dans la tendance architecturale \u00e9pur\u00e9e et sophistiqu\u00e9e ch\u00e8re \u00e0 la Nouvelle Vague fran\u00e7aise joailli\u00e8re.<\/p>\n<\/div>\n\n\n\n<div class=\"wp-block-column is-layout-flow wp-block-column-is-layout-flow\">\n<figure class=\"wp-block-image size-large\"><img loading=\"lazy\" decoding=\"async\" width=\"683\" height=\"1024\" src=\"https:\/\/international.franceclat.fr\/wp-content\/uploads\/2023\/07\/SVM_BAGUE-FRAGMENT-683x1024.jpg\" alt=\"\" class=\"wp-image-28230\" srcset=\"https:\/\/international.franceclat.fr\/wp-content\/uploads\/2023\/07\/SVM_BAGUE-FRAGMENT-683x1024.jpg 683w, https:\/\/international.franceclat.fr\/wp-content\/uploads\/2023\/07\/SVM_BAGUE-FRAGMENT-247x370.jpg 247w, https:\/\/international.franceclat.fr\/wp-content\/uploads\/2023\/07\/SVM_BAGUE-FRAGMENT-768x1152.jpg 768w, https:\/\/international.franceclat.fr\/wp-content\/uploads\/2023\/07\/SVM_BAGUE-FRAGMENT-1024x1536.jpg 1024w, https:\/\/international.franceclat.fr\/wp-content\/uploads\/2023\/07\/SVM_BAGUE-FRAGMENT-1365x2048.jpg 1365w, https:\/\/international.franceclat.fr\/wp-content\/uploads\/2023\/07\/SVM_BAGUE-FRAGMENT-333x500.jpg 333w, https:\/\/international.franceclat.fr\/wp-content\/uploads\/2023\/07\/SVM_BAGUE-FRAGMENT-scaled.jpg 1707w\" sizes=\"auto, (max-width: 683px) 100vw, 683px\" \/><\/figure>\n<\/div>\n<\/div>\n\n\n\n<div class=\"wp-block-columns tiers-img-gauche tiers-margin-right is-layout-flex wp-container-core-columns-is-layout-9d6595d7 wp-block-columns-is-layout-flex\">\n<div class=\"wp-block-column is-layout-flow wp-block-column-is-layout-flow\">\n<figure class=\"wp-block-image size-large\"><img loading=\"lazy\" decoding=\"async\" width=\"683\" height=\"1024\" src=\"https:\/\/international.franceclat.fr\/wp-content\/uploads\/2023\/07\/visuel-ambiance-vda3-683x1024.jpg\" alt=\"\" class=\"wp-image-28232\" srcset=\"https:\/\/international.franceclat.fr\/wp-content\/uploads\/2023\/07\/visuel-ambiance-vda3-683x1024.jpg 683w, https:\/\/international.franceclat.fr\/wp-content\/uploads\/2023\/07\/visuel-ambiance-vda3-247x370.jpg 247w, https:\/\/international.franceclat.fr\/wp-content\/uploads\/2023\/07\/visuel-ambiance-vda3-768x1152.jpg 768w, https:\/\/international.franceclat.fr\/wp-content\/uploads\/2023\/07\/visuel-ambiance-vda3-333x500.jpg 333w, https:\/\/international.franceclat.fr\/wp-content\/uploads\/2023\/07\/visuel-ambiance-vda3.jpg 960w\" sizes=\"auto, (max-width: 683px) 100vw, 683px\" \/><\/figure>\n<\/div>\n\n\n\n<div class=\"wp-block-column is-layout-flow wp-block-column-is-layout-flow\">\n<h2 class=\"wp-block-heading\">Van den Abeele, l\u2019acad\u00e9misme excentrique\u00a0\u00a0\u00a0<\/h2>\n\n\n\n<p>Delphine Crech'Riou aime les couleurs, les contrastes, casser les codes et donner le ton. Pas \u00e9tonnant, quand on se souvient de sa 1<sup>\u00e8re <\/sup>marque Hipanema, ces r\u00e8gles d\u2019or existaient d\u00e9j\u00e0 ! Avec Van den Abeele, la Parisienne bouscule l\u2019acad\u00e9misme du savoir-faire parisien par l\u2019audace d\u00e9complex\u00e9e du bijou fantaisie. Pour elle, la perfection se situe entre classique et excentricit\u00e9.<\/p>\n\n\n\n<p>Avec la collection <em>Rainbow<\/em>, la joailli\u00e8re revisite l\u2019\u00e9l\u00e9gance des formes des ann\u00e9es 1920. Sym\u00e9trie et lignes graphiques se marient joyeusement avec un panel de couleurs acidul\u00e9es invitant \u00e0 replonger dans l\u2019univers sophistiqu\u00e9 et d\u00e9complex\u00e9 des ann\u00e9es folles. Une collection qui sent bon l\u2019\u00e9t\u00e9 et les soir\u00e9es estivales chics et d\u00e9jant\u00e9es.<\/p>\n<\/div>\n<\/div>\n\n\n\n<p>C\u2019est \u00e7a la Nouvelle Vague. Un mouvement joaillier qui oscille entre lignes courbes et g\u00e9om\u00e9trie affirm\u00e9e et ose tout. Se jouant des codes, il repousse perp\u00e9tuellement les limites de l\u2019existant. Certaines maisons \u00e9taient pr\u00e9sentes au rendez-vous juilletiste de la Precious Room les 3 et 4 juillet dernier. Si ce courant insuffle cette touche d\u2019intemporalit\u00e9 ch\u00e8re \u00e0 la haute joaillerie, l\u2019\u00e9l\u00e9gance et le savoir-faire restent les ma\u00eetres mots de ces ma\u00eetres-joailliers d\u2019un temps nouveau.<\/p>\n\n\n\n<p><em><em>Acc\u00e9l\u00e9rateur de d\u00e9veloppement des fili\u00e8res fran\u00e7aises de l\u2019horlogerie, de la bijouterie-joaillerie et des arts de la table, Franc\u00e9clat d\u00e9crypte les tendances de ces march\u00e9s, met en lumi\u00e8re l\u2019excellence des savoir-faire, dynamise la cr\u00e9ation, stimule l\u2019innovation et provoque des rencontres entre professionnels de ces secteurs d'activit\u00e9, favorisant ainsi leur rayonnement international.<\/em><\/em><\/p>\n","protected":false},"excerpt":{"rendered":"<p>Cet \u00e9t\u00e9, la Nouvelle Vague de joailliers fran\u00e7ais a le vent en poupe. Fra\u00eeche et scintillante, sa vision cr\u00e9ative lib\u00e9r\u00e9e a en effet de quoi inspirer. Ces nouveaux cr\u00e9ateurs d\u00e9complex\u00e9s surfent sur les tendances intemporelles Art d\u00e9co et les lignes \u00e9pur\u00e9s, proposant des collections architecturalement sophistiqu\u00e9es. Zoom sur le tourbillon inventif de la Nouvelle Vague fran\u00e7aise qui envoie valser les codes pour imaginer les futurs classiques.<\/p>\n","protected":false},"author":2,"featured_media":28246,"comment_status":"open","ping_status":"open","sticky":false,"template":"","format":"standard","meta":{"_acf_changed":false,"_relevanssi_hide_post":"","_relevanssi_hide_content":"","_relevanssi_pin_for_all":"","_relevanssi_pin_keywords":"","_relevanssi_unpin_keywords":"","_relevanssi_related_keywords":"","_relevanssi_related_include_ids":"","_relevanssi_related_exclude_ids":"","_relevanssi_related_no_append":"","_relevanssi_related_not_related":"","_relevanssi_related_posts":"162,25012,299","_relevanssi_noindex_reason":"","footnotes":""},"categories":[21],"tags":[],"class_list":["post-28223","post","type-post","status-publish","format-standard","has-post-thumbnail","hentry","category-bijouterie-joaillerie"],"acf":[],"yoast_head":"<!-- This site is optimized with the Yoast SEO plugin v27.1.1 - https:\/\/yoast.com\/product\/yoast-seo-wordpress\/ -->\n<title>La Nouvelle Vague : un vent de nouveaut\u00e9 souffle sur la joaillerie fran\u00e7aise\u00a0 - FRANCECLAT INTERNATIONAL<\/title>\n<meta name=\"description\" content=\"Cet \u00e9t\u00e9, la Nouvelle Vague de joailliers fran\u00e7ais a le vent en poupe. Fra\u00eeche et scintillante, sa vision cr\u00e9ative lib\u00e9r\u00e9e a en effet de quoi inspirer. Ces nouveaux cr\u00e9ateurs d\u00e9complex\u00e9s surfent sur les tendances intemporelles Art d\u00e9co et les lignes \u00e9pur\u00e9s, proposant des collections architecturalement sophistiqu\u00e9es. Zoom sur le tourbillon inventif de la Nouvelle Vague fran\u00e7aise qui envoie valser les codes pour imaginer les futurs classiques.\" \/>\n<meta name=\"robots\" content=\"index, follow, max-snippet:-1, max-image-preview:large, max-video-preview:-1\" \/>\n<link rel=\"canonical\" href=\"https:\/\/international.franceclat.fr\/fr\/la-nouvelle-vague-un-vent-de-nouveaute-souffle-sur-la-joaillerie-francaise\/\" \/>\n<meta property=\"og:locale\" content=\"fr_FR\" \/>\n<meta property=\"og:type\" content=\"article\" \/>\n<meta property=\"og:title\" content=\"La Nouvelle Vague : un vent de nouveaut\u00e9 souffle sur la joaillerie fran\u00e7aise\u00a0 - FRANCECLAT INTERNATIONAL\" \/>\n<meta property=\"og:description\" content=\"Cet \u00e9t\u00e9, la Nouvelle Vague de joailliers fran\u00e7ais a le vent en poupe. Fra\u00eeche et scintillante, sa vision cr\u00e9ative lib\u00e9r\u00e9e a en effet de quoi inspirer. Ces nouveaux cr\u00e9ateurs d\u00e9complex\u00e9s surfent sur les tendances intemporelles Art d\u00e9co et les lignes \u00e9pur\u00e9s, proposant des collections architecturalement sophistiqu\u00e9es. Zoom sur le tourbillon inventif de la Nouvelle Vague fran\u00e7aise qui envoie valser les codes pour imaginer les futurs classiques.\" \/>\n<meta property=\"og:url\" content=\"https:\/\/international.franceclat.fr\/fr\/la-nouvelle-vague-un-vent-de-nouveaute-souffle-sur-la-joaillerie-francaise\/\" \/>\n<meta property=\"og:site_name\" content=\"FRANCECLAT INTERNATIONAL\" \/>\n<meta property=\"article:published_time\" content=\"2023-07-24T12:36:14+00:00\" \/>\n<meta property=\"article:modified_time\" content=\"2023-07-24T13:09:43+00:00\" \/>\n<meta property=\"og:image\" content=\"https:\/\/international.franceclat.fr\/wp-content\/uploads\/2023\/07\/qitteri-revu.jpg\" \/>\n\t<meta property=\"og:image:width\" content=\"960\" \/>\n\t<meta property=\"og:image:height\" content=\"1440\" \/>\n\t<meta property=\"og:image:type\" content=\"image\/jpeg\" \/>\n<meta name=\"author\" content=\"L\u00e9a Joyez\" \/>\n<meta name=\"twitter:card\" content=\"summary_large_image\" \/>\n<meta name=\"twitter:label1\" content=\"\u00c9crit par\" \/>\n\t<meta name=\"twitter:data1\" content=\"L\u00e9a Joyez\" \/>\n\t<meta name=\"twitter:label2\" content=\"Dur\u00e9e de lecture estim\u00e9e\" \/>\n\t<meta name=\"twitter:data2\" content=\"5 minutes\" \/>\n<script type=\"application\/ld+json\" class=\"yoast-schema-graph\">{\"@context\":\"https:\/\/schema.org\",\"@graph\":[{\"@type\":\"Article\",\"@id\":\"https:\/\/international.franceclat.fr\/fr\/la-nouvelle-vague-un-vent-de-nouveaute-souffle-sur-la-joaillerie-francaise\/#article\",\"isPartOf\":{\"@id\":\"https:\/\/international.franceclat.fr\/fr\/la-nouvelle-vague-un-vent-de-nouveaute-souffle-sur-la-joaillerie-francaise\/\"},\"author\":{\"name\":\"L\u00e9a Joyez\",\"@id\":\"https:\/\/franceclat.votre-projet.com\/#\/schema\/person\/4d5183a4fe66b0437341f4cb2a13e191\"},\"headline\":\"La Nouvelle Vague : un vent de nouveaut\u00e9 souffle sur la joaillerie fran\u00e7aise\u00a0\",\"datePublished\":\"2023-07-24T12:36:14+00:00\",\"dateModified\":\"2023-07-24T13:09:43+00:00\",\"mainEntityOfPage\":{\"@id\":\"https:\/\/international.franceclat.fr\/fr\/la-nouvelle-vague-un-vent-de-nouveaute-souffle-sur-la-joaillerie-francaise\/\"},\"wordCount\":964,\"commentCount\":0,\"publisher\":{\"@id\":\"https:\/\/franceclat.votre-projet.com\/#organization\"},\"image\":{\"@id\":\"https:\/\/international.franceclat.fr\/fr\/la-nouvelle-vague-un-vent-de-nouveaute-souffle-sur-la-joaillerie-francaise\/#primaryimage\"},\"thumbnailUrl\":\"https:\/\/international.franceclat.fr\/wp-content\/uploads\/2023\/07\/qitteri-revu.jpg\",\"articleSection\":[\"Bijouterie &amp; joaillerie\"],\"inLanguage\":\"fr-FR\",\"potentialAction\":[{\"@type\":\"CommentAction\",\"name\":\"Comment\",\"target\":[\"https:\/\/international.franceclat.fr\/fr\/la-nouvelle-vague-un-vent-de-nouveaute-souffle-sur-la-joaillerie-francaise\/#respond\"]}]},{\"@type\":\"WebPage\",\"@id\":\"https:\/\/international.franceclat.fr\/fr\/la-nouvelle-vague-un-vent-de-nouveaute-souffle-sur-la-joaillerie-francaise\/\",\"url\":\"https:\/\/international.franceclat.fr\/fr\/la-nouvelle-vague-un-vent-de-nouveaute-souffle-sur-la-joaillerie-francaise\/\",\"name\":\"La Nouvelle Vague : un vent de nouveaut\u00e9 souffle sur la joaillerie fran\u00e7aise\u00a0 - FRANCECLAT INTERNATIONAL\",\"isPartOf\":{\"@id\":\"https:\/\/franceclat.votre-projet.com\/#website\"},\"primaryImageOfPage\":{\"@id\":\"https:\/\/international.franceclat.fr\/fr\/la-nouvelle-vague-un-vent-de-nouveaute-souffle-sur-la-joaillerie-francaise\/#primaryimage\"},\"image\":{\"@id\":\"https:\/\/international.franceclat.fr\/fr\/la-nouvelle-vague-un-vent-de-nouveaute-souffle-sur-la-joaillerie-francaise\/#primaryimage\"},\"thumbnailUrl\":\"https:\/\/international.franceclat.fr\/wp-content\/uploads\/2023\/07\/qitteri-revu.jpg\",\"datePublished\":\"2023-07-24T12:36:14+00:00\",\"dateModified\":\"2023-07-24T13:09:43+00:00\",\"description\":\"Cet \u00e9t\u00e9, la Nouvelle Vague de joailliers fran\u00e7ais a le vent en poupe. Fra\u00eeche et scintillante, sa vision cr\u00e9ative lib\u00e9r\u00e9e a en effet de quoi inspirer. Ces nouveaux cr\u00e9ateurs d\u00e9complex\u00e9s surfent sur les tendances intemporelles Art d\u00e9co et les lignes \u00e9pur\u00e9s, proposant des collections architecturalement sophistiqu\u00e9es. Zoom sur le tourbillon inventif de la Nouvelle Vague fran\u00e7aise qui envoie valser les codes pour imaginer les futurs classiques.\",\"breadcrumb\":{\"@id\":\"https:\/\/international.franceclat.fr\/fr\/la-nouvelle-vague-un-vent-de-nouveaute-souffle-sur-la-joaillerie-francaise\/#breadcrumb\"},\"inLanguage\":\"fr-FR\",\"potentialAction\":[{\"@type\":\"ReadAction\",\"target\":[\"https:\/\/international.franceclat.fr\/fr\/la-nouvelle-vague-un-vent-de-nouveaute-souffle-sur-la-joaillerie-francaise\/\"]}]},{\"@type\":\"ImageObject\",\"inLanguage\":\"fr-FR\",\"@id\":\"https:\/\/international.franceclat.fr\/fr\/la-nouvelle-vague-un-vent-de-nouveaute-souffle-sur-la-joaillerie-francaise\/#primaryimage\",\"url\":\"https:\/\/international.franceclat.fr\/wp-content\/uploads\/2023\/07\/qitteri-revu.jpg\",\"contentUrl\":\"https:\/\/international.franceclat.fr\/wp-content\/uploads\/2023\/07\/qitteri-revu.jpg\",\"width\":960,\"height\":1440},{\"@type\":\"BreadcrumbList\",\"@id\":\"https:\/\/international.franceclat.fr\/fr\/la-nouvelle-vague-un-vent-de-nouveaute-souffle-sur-la-joaillerie-francaise\/#breadcrumb\",\"itemListElement\":[{\"@type\":\"ListItem\",\"position\":1,\"name\":\"Accueil\",\"item\":\"https:\/\/international.franceclat.fr\/fr\/\"},{\"@type\":\"ListItem\",\"position\":2,\"name\":\"La Nouvelle Vague : un vent de nouveaut\u00e9 souffle sur la joaillerie fran\u00e7aise\u00a0\"}]},{\"@type\":\"WebSite\",\"@id\":\"https:\/\/franceclat.votre-projet.com\/#website\",\"url\":\"https:\/\/franceclat.votre-projet.com\/\",\"name\":\"Franc\u00e9clat international\",\"description\":\"The path to French excellence. Watches, Jewellery, Tableware.\",\"publisher\":{\"@id\":\"https:\/\/franceclat.votre-projet.com\/#organization\"},\"alternateName\":\"Franc\u00e9clat international\",\"potentialAction\":[{\"@type\":\"SearchAction\",\"target\":{\"@type\":\"EntryPoint\",\"urlTemplate\":\"https:\/\/franceclat.votre-projet.com\/?s={search_term_string}\"},\"query-input\":{\"@type\":\"PropertyValueSpecification\",\"valueRequired\":true,\"valueName\":\"search_term_string\"}}],\"inLanguage\":\"fr-FR\"},{\"@type\":\"Organization\",\"@id\":\"https:\/\/franceclat.votre-projet.com\/#organization\",\"name\":\"Franc\u00e9clat international\",\"url\":\"https:\/\/franceclat.votre-projet.com\/\",\"logo\":{\"@type\":\"ImageObject\",\"inLanguage\":\"fr-FR\",\"@id\":\"https:\/\/franceclat.votre-projet.com\/#\/schema\/logo\/image\/\",\"url\":\"https:\/\/international.franceclat.fr\/wp-content\/uploads\/2023\/02\/Logo-Franceclat.png\",\"contentUrl\":\"https:\/\/international.franceclat.fr\/wp-content\/uploads\/2023\/02\/Logo-Franceclat.png\",\"width\":1667,\"height\":1667,\"caption\":\"Franc\u00e9clat international\"},\"image\":{\"@id\":\"https:\/\/franceclat.votre-projet.com\/#\/schema\/logo\/image\/\"},\"sameAs\":[\"https:\/\/www.linkedin.com\/company\/franceclat-international\/\"]},{\"@type\":\"Person\",\"@id\":\"https:\/\/franceclat.votre-projet.com\/#\/schema\/person\/4d5183a4fe66b0437341f4cb2a13e191\",\"name\":\"L\u00e9a Joyez\",\"image\":{\"@type\":\"ImageObject\",\"inLanguage\":\"fr-FR\",\"@id\":\"https:\/\/franceclat.votre-projet.com\/#\/schema\/person\/image\/\",\"url\":\"https:\/\/secure.gravatar.com\/avatar\/d40f8f49f42f9ab14b6def6635366e33df51e30f0645db021314d9127acb4a2e?s=96&d=mm&r=g\",\"contentUrl\":\"https:\/\/secure.gravatar.com\/avatar\/d40f8f49f42f9ab14b6def6635366e33df51e30f0645db021314d9127acb4a2e?s=96&d=mm&r=g\",\"caption\":\"L\u00e9a Joyez\"},\"url\":\"https:\/\/international.franceclat.fr\/fr\/author\/lea-joyez\/\"}]}<\/script>\n<!-- \/ Yoast SEO plugin. -->","yoast_head_json":{"title":"La Nouvelle Vague : un vent de nouveaut\u00e9 souffle sur la joaillerie fran\u00e7aise\u00a0 - FRANCECLAT INTERNATIONAL","description":"Cet \u00e9t\u00e9, la Nouvelle Vague de joailliers fran\u00e7ais a le vent en poupe. Fra\u00eeche et scintillante, sa vision cr\u00e9ative lib\u00e9r\u00e9e a en effet de quoi inspirer. Ces nouveaux cr\u00e9ateurs d\u00e9complex\u00e9s surfent sur les tendances intemporelles Art d\u00e9co et les lignes \u00e9pur\u00e9s, proposant des collections architecturalement sophistiqu\u00e9es. Zoom sur le tourbillon inventif de la Nouvelle Vague fran\u00e7aise qui envoie valser les codes pour imaginer les futurs classiques.","robots":{"index":"index","follow":"follow","max-snippet":"max-snippet:-1","max-image-preview":"max-image-preview:large","max-video-preview":"max-video-preview:-1"},"canonical":"https:\/\/international.franceclat.fr\/fr\/la-nouvelle-vague-un-vent-de-nouveaute-souffle-sur-la-joaillerie-francaise\/","og_locale":"fr_FR","og_type":"article","og_title":"La Nouvelle Vague : un vent de nouveaut\u00e9 souffle sur la joaillerie fran\u00e7aise\u00a0 - FRANCECLAT INTERNATIONAL","og_description":"Cet \u00e9t\u00e9, la Nouvelle Vague de joailliers fran\u00e7ais a le vent en poupe. Fra\u00eeche et scintillante, sa vision cr\u00e9ative lib\u00e9r\u00e9e a en effet de quoi inspirer. Ces nouveaux cr\u00e9ateurs d\u00e9complex\u00e9s surfent sur les tendances intemporelles Art d\u00e9co et les lignes \u00e9pur\u00e9s, proposant des collections architecturalement sophistiqu\u00e9es. Zoom sur le tourbillon inventif de la Nouvelle Vague fran\u00e7aise qui envoie valser les codes pour imaginer les futurs classiques.","og_url":"https:\/\/international.franceclat.fr\/fr\/la-nouvelle-vague-un-vent-de-nouveaute-souffle-sur-la-joaillerie-francaise\/","og_site_name":"FRANCECLAT INTERNATIONAL","article_published_time":"2023-07-24T12:36:14+00:00","article_modified_time":"2023-07-24T13:09:43+00:00","og_image":[{"width":960,"height":1440,"url":"https:\/\/international.franceclat.fr\/wp-content\/uploads\/2023\/07\/qitteri-revu.jpg","type":"image\/jpeg"}],"author":"L\u00e9a Joyez","twitter_card":"summary_large_image","twitter_misc":{"\u00c9crit par":"L\u00e9a Joyez","Dur\u00e9e de lecture estim\u00e9e":"5 minutes"},"schema":{"@context":"https:\/\/schema.org","@graph":[{"@type":"Article","@id":"https:\/\/international.franceclat.fr\/fr\/la-nouvelle-vague-un-vent-de-nouveaute-souffle-sur-la-joaillerie-francaise\/#article","isPartOf":{"@id":"https:\/\/international.franceclat.fr\/fr\/la-nouvelle-vague-un-vent-de-nouveaute-souffle-sur-la-joaillerie-francaise\/"},"author":{"name":"L\u00e9a Joyez","@id":"https:\/\/franceclat.votre-projet.com\/#\/schema\/person\/4d5183a4fe66b0437341f4cb2a13e191"},"headline":"La Nouvelle Vague : un vent de nouveaut\u00e9 souffle sur la joaillerie fran\u00e7aise\u00a0","datePublished":"2023-07-24T12:36:14+00:00","dateModified":"2023-07-24T13:09:43+00:00","mainEntityOfPage":{"@id":"https:\/\/international.franceclat.fr\/fr\/la-nouvelle-vague-un-vent-de-nouveaute-souffle-sur-la-joaillerie-francaise\/"},"wordCount":964,"commentCount":0,"publisher":{"@id":"https:\/\/franceclat.votre-projet.com\/#organization"},"image":{"@id":"https:\/\/international.franceclat.fr\/fr\/la-nouvelle-vague-un-vent-de-nouveaute-souffle-sur-la-joaillerie-francaise\/#primaryimage"},"thumbnailUrl":"https:\/\/international.franceclat.fr\/wp-content\/uploads\/2023\/07\/qitteri-revu.jpg","articleSection":["Bijouterie &amp; joaillerie"],"inLanguage":"fr-FR","potentialAction":[{"@type":"CommentAction","name":"Comment","target":["https:\/\/international.franceclat.fr\/fr\/la-nouvelle-vague-un-vent-de-nouveaute-souffle-sur-la-joaillerie-francaise\/#respond"]}]},{"@type":"WebPage","@id":"https:\/\/international.franceclat.fr\/fr\/la-nouvelle-vague-un-vent-de-nouveaute-souffle-sur-la-joaillerie-francaise\/","url":"https:\/\/international.franceclat.fr\/fr\/la-nouvelle-vague-un-vent-de-nouveaute-souffle-sur-la-joaillerie-francaise\/","name":"La Nouvelle Vague : un vent de nouveaut\u00e9 souffle sur la joaillerie fran\u00e7aise\u00a0 - FRANCECLAT INTERNATIONAL","isPartOf":{"@id":"https:\/\/franceclat.votre-projet.com\/#website"},"primaryImageOfPage":{"@id":"https:\/\/international.franceclat.fr\/fr\/la-nouvelle-vague-un-vent-de-nouveaute-souffle-sur-la-joaillerie-francaise\/#primaryimage"},"image":{"@id":"https:\/\/international.franceclat.fr\/fr\/la-nouvelle-vague-un-vent-de-nouveaute-souffle-sur-la-joaillerie-francaise\/#primaryimage"},"thumbnailUrl":"https:\/\/international.franceclat.fr\/wp-content\/uploads\/2023\/07\/qitteri-revu.jpg","datePublished":"2023-07-24T12:36:14+00:00","dateModified":"2023-07-24T13:09:43+00:00","description":"Cet \u00e9t\u00e9, la Nouvelle Vague de joailliers fran\u00e7ais a le vent en poupe. Fra\u00eeche et scintillante, sa vision cr\u00e9ative lib\u00e9r\u00e9e a en effet de quoi inspirer. Ces nouveaux cr\u00e9ateurs d\u00e9complex\u00e9s surfent sur les tendances intemporelles Art d\u00e9co et les lignes \u00e9pur\u00e9s, proposant des collections architecturalement sophistiqu\u00e9es. Zoom sur le tourbillon inventif de la Nouvelle Vague fran\u00e7aise qui envoie valser les codes pour imaginer les futurs classiques.","breadcrumb":{"@id":"https:\/\/international.franceclat.fr\/fr\/la-nouvelle-vague-un-vent-de-nouveaute-souffle-sur-la-joaillerie-francaise\/#breadcrumb"},"inLanguage":"fr-FR","potentialAction":[{"@type":"ReadAction","target":["https:\/\/international.franceclat.fr\/fr\/la-nouvelle-vague-un-vent-de-nouveaute-souffle-sur-la-joaillerie-francaise\/"]}]},{"@type":"ImageObject","inLanguage":"fr-FR","@id":"https:\/\/international.franceclat.fr\/fr\/la-nouvelle-vague-un-vent-de-nouveaute-souffle-sur-la-joaillerie-francaise\/#primaryimage","url":"https:\/\/international.franceclat.fr\/wp-content\/uploads\/2023\/07\/qitteri-revu.jpg","contentUrl":"https:\/\/international.franceclat.fr\/wp-content\/uploads\/2023\/07\/qitteri-revu.jpg","width":960,"height":1440},{"@type":"BreadcrumbList","@id":"https:\/\/international.franceclat.fr\/fr\/la-nouvelle-vague-un-vent-de-nouveaute-souffle-sur-la-joaillerie-francaise\/#breadcrumb","itemListElement":[{"@type":"ListItem","position":1,"name":"Accueil","item":"https:\/\/international.franceclat.fr\/fr\/"},{"@type":"ListItem","position":2,"name":"La Nouvelle Vague : un vent de nouveaut\u00e9 souffle sur la joaillerie fran\u00e7aise\u00a0"}]},{"@type":"WebSite","@id":"https:\/\/franceclat.votre-projet.com\/#website","url":"https:\/\/franceclat.votre-projet.com\/","name":"Franc\u00e9clat international","description":"The path to French excellence. Watches, Jewellery, Tableware.","publisher":{"@id":"https:\/\/franceclat.votre-projet.com\/#organization"},"alternateName":"Franc\u00e9clat international","potentialAction":[{"@type":"SearchAction","target":{"@type":"EntryPoint","urlTemplate":"https:\/\/franceclat.votre-projet.com\/?s={search_term_string}"},"query-input":{"@type":"PropertyValueSpecification","valueRequired":true,"valueName":"search_term_string"}}],"inLanguage":"fr-FR"},{"@type":"Organization","@id":"https:\/\/franceclat.votre-projet.com\/#organization","name":"Franc\u00e9clat international","url":"https:\/\/franceclat.votre-projet.com\/","logo":{"@type":"ImageObject","inLanguage":"fr-FR","@id":"https:\/\/franceclat.votre-projet.com\/#\/schema\/logo\/image\/","url":"https:\/\/international.franceclat.fr\/wp-content\/uploads\/2023\/02\/Logo-Franceclat.png","contentUrl":"https:\/\/international.franceclat.fr\/wp-content\/uploads\/2023\/02\/Logo-Franceclat.png","width":1667,"height":1667,"caption":"Franc\u00e9clat international"},"image":{"@id":"https:\/\/franceclat.votre-projet.com\/#\/schema\/logo\/image\/"},"sameAs":["https:\/\/www.linkedin.com\/company\/franceclat-international\/"]},{"@type":"Person","@id":"https:\/\/franceclat.votre-projet.com\/#\/schema\/person\/4d5183a4fe66b0437341f4cb2a13e191","name":"L\u00e9a Joyez","image":{"@type":"ImageObject","inLanguage":"fr-FR","@id":"https:\/\/franceclat.votre-projet.com\/#\/schema\/person\/image\/","url":"https:\/\/secure.gravatar.com\/avatar\/d40f8f49f42f9ab14b6def6635366e33df51e30f0645db021314d9127acb4a2e?s=96&d=mm&r=g","contentUrl":"https:\/\/secure.gravatar.com\/avatar\/d40f8f49f42f9ab14b6def6635366e33df51e30f0645db021314d9127acb4a2e?s=96&d=mm&r=g","caption":"L\u00e9a Joyez"},"url":"https:\/\/international.franceclat.fr\/fr\/author\/lea-joyez\/"}]}},"_links":{"self":[{"href":"https:\/\/international.franceclat.fr\/fr\/wp-json\/wp\/v2\/posts\/28223","targetHints":{"allow":["GET"]}}],"collection":[{"href":"https:\/\/international.franceclat.fr\/fr\/wp-json\/wp\/v2\/posts"}],"about":[{"href":"https:\/\/international.franceclat.fr\/fr\/wp-json\/wp\/v2\/types\/post"}],"author":[{"embeddable":true,"href":"https:\/\/international.franceclat.fr\/fr\/wp-json\/wp\/v2\/users\/2"}],"replies":[{"embeddable":true,"href":"https:\/\/international.franceclat.fr\/fr\/wp-json\/wp\/v2\/comments?post=28223"}],"version-history":[{"count":5,"href":"https:\/\/international.franceclat.fr\/fr\/wp-json\/wp\/v2\/posts\/28223\/revisions"}],"predecessor-version":[{"id":28248,"href":"https:\/\/international.franceclat.fr\/fr\/wp-json\/wp\/v2\/posts\/28223\/revisions\/28248"}],"wp:featuredmedia":[{"embeddable":true,"href":"https:\/\/international.franceclat.fr\/fr\/wp-json\/wp\/v2\/media\/28246"}],"wp:attachment":[{"href":"https:\/\/international.franceclat.fr\/fr\/wp-json\/wp\/v2\/media?parent=28223"}],"wp:term":[{"taxonomy":"category","embeddable":true,"href":"https:\/\/international.franceclat.fr\/fr\/wp-json\/wp\/v2\/categories?post=28223"},{"taxonomy":"post_tag","embeddable":true,"href":"https:\/\/international.franceclat.fr\/fr\/wp-json\/wp\/v2\/tags?post=28223"}],"curies":[{"name":"wp","href":"https:\/\/api.w.org\/{rel}","templated":true}]}}