{"id":29007,"date":"2024-01-18T16:27:36","date_gmt":"2024-01-18T15:27:36","guid":{"rendered":"https:\/\/international.franceclat.fr\/spotlight-on-thiers-cutlery\/"},"modified":"2024-01-18T18:03:43","modified_gmt":"2024-01-18T17:03:43","slug":"coutellerie-thiers-france","status":"publish","type":"post","link":"https:\/\/international.franceclat.fr\/fr\/coutellerie-thiers-france\/","title":{"rendered":"Lumi\u00e8re sur la coutellerie de Thiers"},"content":{"rendered":"\n<div class=\"wp-block-group is-vertical is-layout-flex wp-container-core-group-is-layout-8cf370e7 wp-block-group-is-layout-flex\">\n<p>Les savoir-faire couteliers des diff\u00e9rentes r\u00e9gions fran\u00e7aises (Nontron, Opinel, Laguiole, couteaux de marin\u2026) font rayonner couverts et couteaux de table de tous les niveaux de gamme dans l\u2019hexagone comme \u00e0 l\u2019international.<\/p>\n\n\n\n<p>Les coutelleries install\u00e9es \u00e0 Thiers dans le centre de la France (Puy-de-D\u00f4me), r\u00e9put\u00e9es pour leur fabrication de couteaux de haute qualit\u00e9 d\u00e8s le Moyen \u00c2ge, ont choisi, depuis 2010, de prot\u00e9ger leurs cr\u00e9ations et leurs savoir-faire via la marque locale <a href=\"https:\/\/lethiers.fr\/comment-reconnaitre-couteau-thiers\/\" target=\"_blank\" rel=\"noreferrer noopener\">\u201cLe Thiers par\u201d<\/a>.<br>Zoom sur ce savoir-faire d\u2019excellence.<\/p>\n<\/div>\n\n\n\n<div class=\"wp-block-columns tiers-img-droite tiers-margin-left reverse-bloc-img-right is-layout-flex wp-container-core-columns-is-layout-9d6595d7 wp-block-columns-is-layout-flex\">\n<div class=\"wp-block-column is-layout-flow wp-block-column-is-layout-flow\">\n<h2 class=\"wp-block-heading\">Thiers ou 700 ans d\u2019histoire couteli\u00e8re<\/h2>\n\n\n\n<p>Dans le secteur des arts de la table, les artisans couteliers de Thiers sont aujourd\u2019hui c\u00e9l\u00e9br\u00e9s pour leur expertise dans la forge, le fa\u00e7onnage, la trempe et l\u2019assemblage des lames ainsi que dans la fabrication de manches en mat\u00e9riaux vari\u00e9s (bois, ivoire, corne, synth\u00e9tique\u2026).<\/p>\n\n\n\n<p>Mais il faut remonter le temps pour comprendre que l\u2019industrie couteli\u00e8re \u00e0 Thiers est en r\u00e9alit\u00e9 une v\u00e9ritable institution. D\u00e8s le Moyen \u00c2ge, l\u2019exploitation de la force hydraulique des rivi\u00e8res locales telles que la Durolle sert les forges, cr\u00e9ant ainsi un environnement favorable \u00e0 la production de couteaux et d'outils tranchants. \u00c0 la Renaissance, les couteaux de Thiers deviennent pris\u00e9s pour leur qualit\u00e9 et leur esth\u00e9tique, ce qui contribue \u00e0 entourer la ville d\u2019une solide r\u00e9putation. Aux XVIII<sup>\u00e8me<\/sup> et XIX<sup>\u00e8me<\/sup> si\u00e8cles, la vague d\u2019industrialisation permet d\u2019augmenter la production de couteaux de Thiers et d\u2019en homog\u00e9n\u00e9iser la qualit\u00e9 : de nombreuses manufactures couteli\u00e8res s\u2019installent dans la r\u00e9gion et s\u2019y d\u00e9veloppent favorablement.<\/p>\n<\/div>\n\n\n\n<div class=\"wp-block-column is-layout-flow wp-block-column-is-layout-flow\">\n<figure class=\"wp-block-image size-large\"><img loading=\"lazy\" decoding=\"async\" width=\"683\" height=\"1024\" src=\"https:\/\/international.franceclat.fr\/wp-content\/uploads\/2024\/01\/Claude-DOZORME-La-chaine-des-Puys-683x1024.jpg\" alt=\"\" class=\"wp-image-28994\" srcset=\"https:\/\/international.franceclat.fr\/wp-content\/uploads\/2024\/01\/Claude-DOZORME-La-chaine-des-Puys-683x1024.jpg 683w, https:\/\/international.franceclat.fr\/wp-content\/uploads\/2024\/01\/Claude-DOZORME-La-chaine-des-Puys-247x370.jpg 247w, https:\/\/international.franceclat.fr\/wp-content\/uploads\/2024\/01\/Claude-DOZORME-La-chaine-des-Puys-768x1152.jpg 768w, https:\/\/international.franceclat.fr\/wp-content\/uploads\/2024\/01\/Claude-DOZORME-La-chaine-des-Puys-1024x1536.jpg 1024w, https:\/\/international.franceclat.fr\/wp-content\/uploads\/2024\/01\/Claude-DOZORME-La-chaine-des-Puys-333x500.jpg 333w, https:\/\/international.franceclat.fr\/wp-content\/uploads\/2024\/01\/Claude-DOZORME-La-chaine-des-Puys.jpg 1063w\" sizes=\"auto, (max-width: 683px) 100vw, 683px\" \/><figcaption class=\"wp-element-caption\">\u00a9Claude Dozorme<\/figcaption><\/figure>\n<\/div>\n<\/div>\n\n\n\n<div class=\"wp-block-columns tiers-img-gauche tiers-margin-right is-layout-flex wp-container-core-columns-is-layout-9d6595d7 wp-block-columns-is-layout-flex\">\n<div class=\"wp-block-column is-layout-flow wp-block-column-is-layout-flow\">\n<figure class=\"wp-block-image size-large\"><img loading=\"lazy\" decoding=\"async\" width=\"683\" height=\"1024\" src=\"https:\/\/international.franceclat.fr\/wp-content\/uploads\/2024\/01\/Dozorme-Thiers-683x1024.jpg\" alt=\"\" class=\"wp-image-28998\" srcset=\"https:\/\/international.franceclat.fr\/wp-content\/uploads\/2024\/01\/Dozorme-Thiers-683x1024.jpg 683w, https:\/\/international.franceclat.fr\/wp-content\/uploads\/2024\/01\/Dozorme-Thiers-247x370.jpg 247w, https:\/\/international.franceclat.fr\/wp-content\/uploads\/2024\/01\/Dozorme-Thiers-768x1152.jpg 768w, https:\/\/international.franceclat.fr\/wp-content\/uploads\/2024\/01\/Dozorme-Thiers-1024x1536.jpg 1024w, https:\/\/international.franceclat.fr\/wp-content\/uploads\/2024\/01\/Dozorme-Thiers-333x500.jpg 333w, https:\/\/international.franceclat.fr\/wp-content\/uploads\/2024\/01\/Dozorme-Thiers.jpg 1086w\" sizes=\"auto, (max-width: 683px) 100vw, 683px\" \/><figcaption class=\"wp-element-caption\">\u00a9 Claude Dozorme<\/figcaption><\/figure>\n<\/div>\n\n\n\n<div class=\"wp-block-column is-layout-flow wp-block-column-is-layout-flow\">\n<h2 class=\"wp-block-heading\">La marque prot\u00e9g\u00e9e \u201cLe Thiers par\u201d<\/h2>\n\n\n\n<p>Pour garantir la qualit\u00e9 et maintenir la tradition couteli\u00e8re, il existe depuis 1994 une association d\u00e9nomm\u00e9e Confr\u00e9rie du Couteau Le Thiers. Cette organisation collective spontan\u00e9e a \u00e9t\u00e9 la premi\u00e8re \u00e0 \u00e9tablir des normes et des crit\u00e8res de qualit\u00e9 et d\u2019authenticit\u00e9 stricts dans le bassin thiernois. Elle d\u00e9cerne le label \"Le Thiers par\" aux couteliers qui respectent sa charte.<\/p>\n\n\n\n<p>Pour utiliser cette marque, il faut \u00eatre coutelier bas\u00e9 sur le bassin de Thiers depuis au moins 5 ans. Le cahier des charges comprend des crit\u00e8res de provenance cibl\u00e9s, une forme tr\u00e8s sp\u00e9cifique (lame pointe en haut l\u00e9g\u00e8rement plongeante, dos plat ou l\u00e9g\u00e8rement creux, courbure r\u00e9guli\u00e8re et continue\u2026), un marquage et un logo clairement identifiables.<\/p>\n\n\n\n<p>Lorsqu\u2019un coutelier souhaite labelliser son mod\u00e8le \u201cLe Thiers\u201d, il est tenu de pr\u00e9senter son prototype \u00e0 un comit\u00e9 d\u2019experts appel\u00e9 \u201cLa Jurande\u201d qui v\u00e9rifie que tous les crit\u00e8res sont respect\u00e9s afin de d\u00e9livrer, ou non, le droit de graver la marque \u201cLe Thiers par\u201d sur la lame du couteau candidat. La confr\u00e9rie est donc propri\u00e9taire et garante de la marque, elle se doit de la prot\u00e9ger.<\/p>\n<\/div>\n<\/div>\n\n\n\n<div class=\"wp-block-columns tiers-img-droite tiers-margin-left reverse-bloc-img-right is-layout-flex wp-container-core-columns-is-layout-9d6595d7 wp-block-columns-is-layout-flex\">\n<div class=\"wp-block-column is-layout-flow wp-block-column-is-layout-flow\">\n<h2 class=\"wp-block-heading\">Les manufactures embl\u00e9matiques du savoir-faire thiernois<\/h2>\n\n\n\n<p>Au d\u00e9but des ann\u00e9es 2000, Thiers est consid\u00e9r\u00e9e comme la capitale de la coutellerie fran\u00e7aise. Face \u00e0 une concurrence asiatique grandissante, les maisons mettent l\u2019accent sur l'artisanat et choisissent de valoriser les savoir-faire ancestraux locaux.<\/p>\n\n\n\n<p>Gr\u00e2ce \u00e0 cette r\u00e9orientation strat\u00e9gique, Thiers demeure actuellement le centre n\u00e9vralgique de la coutellerie fran\u00e7aise avec 77 entreprises en activit\u00e9 dans le bassin repr\u00e9sentant pr\u00e8s de 54% des emplois de la fili\u00e8re, d\u2019apr\u00e8s une \u00e9tude men\u00e9e par l\u2019<a href=\"https:\/\/www.observatoire-metallurgie.fr\/\" target=\"_blank\" rel=\"noreferrer noopener\">Observatoire de la m\u00e9tallurgie<\/a> en partenariat avec la <a href=\"https:\/\/www.ffcoutellerie.org\/\" target=\"_blank\" rel=\"noreferrer noopener\">FFC<\/a> et l\u2019<a href=\"https:\/\/uimmauvergne.org\/\" target=\"_blank\" rel=\"noreferrer noopener\">UIMM Auvergne<\/a> en 2018.<\/p>\n\n\n\n<p>Parmi les nombreux ateliers de coutellerie pr\u00e9sents \u00e0 Thiers et ses alentours, quatre \u00e9tablissements se distinguent par la qualit\u00e9 de leur production et l\u2019unicit\u00e9 de leurs savoir-faire. Ces derniers sont tous reconnus par le label Entreprise du Patrimoine Vivant (EPV).<\/p>\n<\/div>\n<\/div>\n\n\n\n<h3 class=\"wp-block-heading\">Verdier Manufacture, l\u2019art de la coutellerie de A \u00e0 Z<\/h3>\n\n\n\n<div class=\"wp-block-columns is-layout-flex wp-container-core-columns-is-layout-9d6595d7 wp-block-columns-is-layout-flex\">\n<div class=\"wp-block-column is-layout-flow wp-block-column-is-layout-flow\" style=\"flex-basis:33.33%\">\n<figure class=\"wp-block-image size-full\"><img loading=\"lazy\" decoding=\"async\" width=\"654\" height=\"654\" src=\"https:\/\/international.franceclat.fr\/wp-content\/uploads\/2024\/01\/Capture-decran-2024-01-18-160301.png\" alt=\"\" class=\"wp-image-28985\" srcset=\"https:\/\/international.franceclat.fr\/wp-content\/uploads\/2024\/01\/Capture-decran-2024-01-18-160301.png 654w, https:\/\/international.franceclat.fr\/wp-content\/uploads\/2024\/01\/Capture-decran-2024-01-18-160301-370x370.png 370w, https:\/\/international.franceclat.fr\/wp-content\/uploads\/2024\/01\/Capture-decran-2024-01-18-160301-150x150.png 150w, https:\/\/international.franceclat.fr\/wp-content\/uploads\/2024\/01\/Capture-decran-2024-01-18-160301-500x500.png 500w\" sizes=\"auto, (max-width: 654px) 100vw, 654px\" \/><\/figure>\n<\/div>\n\n\n\n<div class=\"wp-block-column is-layout-flow wp-block-column-is-layout-flow\" style=\"flex-basis:66.66%\">\n<p>Cr\u00e9\u00e9e \u00e0 Celles-sur-Durolle pr\u00e8s de Thiers en 1859, cette manufacture familiale est actuellement dirig\u00e9e par Ronan et Aubry Verdier, deux fr\u00e8res poursuivant une politique de fabrication 100% fran\u00e7aise.<\/p>\n\n\n\n<p>Entre-temps, six g\u00e9n\u00e9rations de couteliers s\u2019y sont succ\u00e9d\u00e9es pour proposer une gamme de produits plus que compl\u00e8te. Diff\u00e9rentes marques constituent aujourd\u2019hui le catalogue Verdier : la marque de couteaux Andr\u00e9 Verdier et les marques de couverts Delarboulas et Scof.<\/p>\n\n\n\n<p>Du couvert accessible \u00e0 l\u2019objet d\u2019exception personnalisable, la manufacture Verdier se montre invariablement \u00e0 la hauteur de ses 160 ans de tradition couteli\u00e8re.<\/p>\n<\/div>\n<\/div>\n\n\n\n<h3 class=\"wp-block-heading\">Claude Dozorme, coutellerie fran\u00e7aise de caract\u00e8re<\/h3>\n\n\n\n<div class=\"wp-block-columns is-layout-flex wp-container-core-columns-is-layout-9d6595d7 wp-block-columns-is-layout-flex\">\n<div class=\"wp-block-column is-layout-flow wp-block-column-is-layout-flow\" style=\"flex-basis:33.33%\">\n<figure class=\"wp-block-image size-large\"><img loading=\"lazy\" decoding=\"async\" width=\"1024\" height=\"1024\" src=\"https:\/\/international.franceclat.fr\/wp-content\/uploads\/2024\/01\/Claude-DOZORME-Table-Thiers-LAme-1024x1024.jpg\" alt=\"\" class=\"wp-image-28996\" srcset=\"https:\/\/international.franceclat.fr\/wp-content\/uploads\/2024\/01\/Claude-DOZORME-Table-Thiers-LAme-1024x1024.jpg 1024w, https:\/\/international.franceclat.fr\/wp-content\/uploads\/2024\/01\/Claude-DOZORME-Table-Thiers-LAme-370x370.jpg 370w, https:\/\/international.franceclat.fr\/wp-content\/uploads\/2024\/01\/Claude-DOZORME-Table-Thiers-LAme-150x150.jpg 150w, https:\/\/international.franceclat.fr\/wp-content\/uploads\/2024\/01\/Claude-DOZORME-Table-Thiers-LAme-768x768.jpg 768w, https:\/\/international.franceclat.fr\/wp-content\/uploads\/2024\/01\/Claude-DOZORME-Table-Thiers-LAme-500x500.jpg 500w, https:\/\/international.franceclat.fr\/wp-content\/uploads\/2024\/01\/Claude-DOZORME-Table-Thiers-LAme.jpg 1280w\" sizes=\"auto, (max-width: 1024px) 100vw, 1024px\" \/><\/figure>\n<\/div>\n\n\n\n<div class=\"wp-block-column is-layout-flow wp-block-column-is-layout-flow\" style=\"flex-basis:66.66%\">\n<p>Fond\u00e9e \u00e0 Thiers par Claude Dozorme en 1902, la manufacture \u00e9ponyme a toujours pari\u00e9 sur le <em>made in France<\/em>, alliant cr\u00e9ativit\u00e9 et savoir-faire ancestraux dans les univers des couteaux de poche, de table, de cuisine mais aussi du vin et de la chasse.<\/p>\n\n\n\n<p>Si le caract\u00e8re bien tremp\u00e9 d\u2019entrepreneur du ma\u00eetre coutelier Claude Dozorme lui valait d\u2019\u00eatre surnomm\u00e9 \u201cLe loup\u201d par ses pairs, l\u2019entreprise familiale transmise de g\u00e9n\u00e9ration en g\u00e9n\u00e9ration jusqu\u2019\u00e0 sa reprise il y a peu a su conserver une pointe d\u2019audace frondeuse.<\/p>\n<\/div>\n<\/div>\n\n\n\n<h3 class=\"wp-block-heading\">Jean Dubost, tranchons pour un monde meilleur !<\/h3>\n\n\n\n<div class=\"wp-block-columns is-layout-flex wp-container-core-columns-is-layout-9d6595d7 wp-block-columns-is-layout-flex\">\n<div class=\"wp-block-column is-layout-flow wp-block-column-is-layout-flow\" style=\"flex-basis:33.33%\">\n<figure class=\"wp-block-image size-large\"><img loading=\"lazy\" decoding=\"async\" width=\"1024\" height=\"1024\" src=\"https:\/\/international.franceclat.fr\/wp-content\/uploads\/2024\/01\/Jean-Dubost-SENSE-BLACK-V29_print-1024x1024.jpg\" alt=\"\" class=\"wp-image-28989\" srcset=\"https:\/\/international.franceclat.fr\/wp-content\/uploads\/2024\/01\/Jean-Dubost-SENSE-BLACK-V29_print-1024x1024.jpg 1024w, https:\/\/international.franceclat.fr\/wp-content\/uploads\/2024\/01\/Jean-Dubost-SENSE-BLACK-V29_print-370x370.jpg 370w, https:\/\/international.franceclat.fr\/wp-content\/uploads\/2024\/01\/Jean-Dubost-SENSE-BLACK-V29_print-150x150.jpg 150w, https:\/\/international.franceclat.fr\/wp-content\/uploads\/2024\/01\/Jean-Dubost-SENSE-BLACK-V29_print-768x768.jpg 768w, https:\/\/international.franceclat.fr\/wp-content\/uploads\/2024\/01\/Jean-Dubost-SENSE-BLACK-V29_print-1536x1536.jpg 1536w, https:\/\/international.franceclat.fr\/wp-content\/uploads\/2024\/01\/Jean-Dubost-SENSE-BLACK-V29_print-2048x2048.jpg 2048w, https:\/\/international.franceclat.fr\/wp-content\/uploads\/2024\/01\/Jean-Dubost-SENSE-BLACK-V29_print-500x500.jpg 500w\" sizes=\"auto, (max-width: 1024px) 100vw, 1024px\" \/><\/figure>\n<\/div>\n\n\n\n<div class=\"wp-block-column is-layout-flow wp-block-column-is-layout-flow\" style=\"flex-basis:66.66%\">\n<p>Quatre g\u00e9n\u00e9rations de la famille Dubost ont su faire perdurer la tradition de la coutellerie depuis la cr\u00e9ation de la maison en 1920.<\/p>\n\n\n\n<p>Plus r\u00e9cemment, cette manufacture unique en son genre se distingue en lan\u00e7ant une gamme visionnaire de couteaux \u00e9co-responsables \u00e9labor\u00e9s \u00e0 partir de bio-plastique v\u00e9g\u00e9tal ou de d\u00e9chets plastiques recycl\u00e9s. Cette initiative lui vaut d\u2019\u00eatre consid\u00e9r\u00e9e comme une entreprise Engag\u00e9e RSE niveau confirm\u00e9 2 par <a href=\"https:\/\/certification.afnor.org\/\" target=\"_blank\" rel=\"noreferrer noopener\">AFNOR certification<\/a>.<\/p>\n<\/div>\n<\/div>\n\n\n\n<h3 class=\"wp-block-heading\">Goyon-Chazeau, de l\u2019histoire de coeur au coeur de forge<\/h3>\n\n\n\n<div class=\"wp-block-columns is-layout-flex wp-container-core-columns-is-layout-9d6595d7 wp-block-columns-is-layout-flex\">\n<div class=\"wp-block-column is-layout-flow wp-block-column-is-layout-flow\" style=\"flex-basis:33.33%\">\n<figure class=\"wp-block-image size-large\"><img loading=\"lazy\" decoding=\"async\" width=\"1024\" height=\"1024\" src=\"https:\/\/international.franceclat.fr\/wp-content\/uploads\/2024\/01\/Le-Thiers-Pirou-Full-damas-1024x1024.jpg\" alt=\"\" class=\"wp-image-28983\" srcset=\"https:\/\/international.franceclat.fr\/wp-content\/uploads\/2024\/01\/Le-Thiers-Pirou-Full-damas-1024x1024.jpg 1024w, https:\/\/international.franceclat.fr\/wp-content\/uploads\/2024\/01\/Le-Thiers-Pirou-Full-damas-370x370.jpg 370w, https:\/\/international.franceclat.fr\/wp-content\/uploads\/2024\/01\/Le-Thiers-Pirou-Full-damas-150x150.jpg 150w, https:\/\/international.franceclat.fr\/wp-content\/uploads\/2024\/01\/Le-Thiers-Pirou-Full-damas-768x768.jpg 768w, https:\/\/international.franceclat.fr\/wp-content\/uploads\/2024\/01\/Le-Thiers-Pirou-Full-damas-1536x1536.jpg 1536w, https:\/\/international.franceclat.fr\/wp-content\/uploads\/2024\/01\/Le-Thiers-Pirou-Full-damas-2048x2048.jpg 2048w, https:\/\/international.franceclat.fr\/wp-content\/uploads\/2024\/01\/Le-Thiers-Pirou-Full-damas-500x500.jpg 500w\" sizes=\"auto, (max-width: 1024px) 100vw, 1024px\" \/><\/figure>\n<\/div>\n\n\n\n<div class=\"wp-block-column is-layout-flow wp-block-column-is-layout-flow\" style=\"flex-basis:66.66%\">\n<p>\u00c9tablie \u00e0 Thiers dans les ann\u00e9es 1950, cette coutellerie \u00e0 taille humaine est l\u2019h\u00e9ritage de deux jeunes mari\u00e9s, Gabriel Goyon et Solange Chazeau, proposant \u00e0 l\u2019origine leurs services d\u2019ouvriers polisseurs \u00e0 domicile aux nombreuses coutelleries \u00e9tablies dans la r\u00e9gion thiernoise.<\/p>\n\n\n\n<p>M\u00ealant aujourd\u2019hui collections embl\u00e9matiques (Le Thiers, Stylver\u2026) et cr\u00e9ations originales (St Vincent, Le P\u2019tit Tradi, 750), cette manufacture comptant 12 artisans propose une large gamme de couteaux de table et quelques pi\u00e8ces d\u2019exception, dont une collection en mammouth et damas inox assortis, pour le plus grand bonheur des amateurs d\u2019arts de la table fran\u00e7ais.<\/p>\n<\/div>\n<\/div>\n\n\n\n<p>Gr\u00e2ce \u00e0 ses prestigieux repr\u00e9sentants, la ville de Thiers continue de perp\u00e9tuer son h\u00e9ritage artisanal exceptionnel en mati\u00e8re de coutellerie fran\u00e7aise, activement soutenue par une marque locale forte.<\/p>\n\n\n\n<p><em>Acc\u00e9l\u00e9rateur de d\u00e9veloppement des fili\u00e8res fran\u00e7aises de l\u2019horlogerie, de la bijouterie-joaillerie et des arts de la table, Franc\u00e9clat d\u00e9crypte les tendances de ces march\u00e9s, met en lumi\u00e8re l\u2019excellence des savoir-faire, dynamise la cr\u00e9ation, stimule l\u2019innovation et provoque des rencontres entre professionnels de ces secteurs d'activit\u00e9, favorisant ainsi leur rayonnement international.<\/em><\/p>\n\n\n\n<p><\/p>\n","protected":false},"excerpt":{"rendered":"<p>Les savoir-faire couteliers des diff\u00e9rentes r\u00e9gions fran\u00e7aises (Nontron, Opinel, Laguiole, couteaux de marin\u2026) font rayonner couverts et couteaux de table de tous les niveaux de gamme dans l\u2019hexagone comme \u00e0 l\u2019international.<br \/>\nLes coutelleries install\u00e9es \u00e0 Thiers dans le centre de la France (Puy-de-D\u00f4me), r\u00e9put\u00e9es pour leur fabrication de couteaux de haute qualit\u00e9 d\u00e8s le Moyen \u00c2ge, ont choisi, depuis 2010, de prot\u00e9ger leurs cr\u00e9ations et leurs savoir-faire via la marque locale \u201cLe Thiers par\u201d.<\/p>\n","protected":false},"author":2,"featured_media":28999,"comment_status":"open","ping_status":"open","sticky":false,"template":"","format":"standard","meta":{"_acf_changed":false,"_relevanssi_hide_post":"","_relevanssi_hide_content":"","_relevanssi_pin_for_all":"","_relevanssi_pin_keywords":"","_relevanssi_unpin_keywords":"","_relevanssi_related_keywords":"","_relevanssi_related_include_ids":"","_relevanssi_related_exclude_ids":"","_relevanssi_related_no_append":"","_relevanssi_related_not_related":"","_relevanssi_related_posts":"299,162,27119,25012","_relevanssi_noindex_reason":"","footnotes":""},"categories":[22],"tags":[],"class_list":["post-29007","post","type-post","status-publish","format-standard","has-post-thumbnail","hentry","category-arts-de-la-table"],"acf":[],"yoast_head":"<!-- This site is optimized with the Yoast SEO plugin v27.1.1 - https:\/\/yoast.com\/product\/yoast-seo-wordpress\/ -->\n<title>Lumi\u00e8re sur la coutellerie de Thiers - FRANCECLAT INTERNATIONAL<\/title>\n<meta name=\"description\" content=\"Les savoir-faire couteliers des diff\u00e9rentes r\u00e9gions fran\u00e7aises (Nontron, Opinel, Laguiole, couteaux de marin\u2026) font rayonner couverts et couteaux de table de tous les niveaux de gamme dans l\u2019hexagone comme \u00e0 l\u2019international.Les coutelleries install\u00e9es \u00e0 Thiers dans le centre de la France (Puy-de-D\u00f4me), r\u00e9put\u00e9es pour leur fabrication de couteaux de haute qualit\u00e9 d\u00e8s le Moyen \u00c2ge, ont choisi, depuis 2010, de prot\u00e9ger leurs cr\u00e9ations et leurs savoir-faire via la marque locale \u201cLe Thiers par\u201d.\" \/>\n<meta name=\"robots\" content=\"index, follow, max-snippet:-1, max-image-preview:large, max-video-preview:-1\" \/>\n<link rel=\"canonical\" href=\"https:\/\/international.franceclat.fr\/fr\/coutellerie-thiers-france\/\" \/>\n<meta property=\"og:locale\" content=\"fr_FR\" \/>\n<meta property=\"og:type\" content=\"article\" \/>\n<meta property=\"og:title\" content=\"Lumi\u00e8re sur la coutellerie de Thiers - FRANCECLAT INTERNATIONAL\" \/>\n<meta property=\"og:description\" content=\"Les savoir-faire couteliers des diff\u00e9rentes r\u00e9gions fran\u00e7aises (Nontron, Opinel, Laguiole, couteaux de marin\u2026) font rayonner couverts et couteaux de table de tous les niveaux de gamme dans l\u2019hexagone comme \u00e0 l\u2019international.Les coutelleries install\u00e9es \u00e0 Thiers dans le centre de la France (Puy-de-D\u00f4me), r\u00e9put\u00e9es pour leur fabrication de couteaux de haute qualit\u00e9 d\u00e8s le Moyen \u00c2ge, ont choisi, depuis 2010, de prot\u00e9ger leurs cr\u00e9ations et leurs savoir-faire via la marque locale \u201cLe Thiers par\u201d.\" \/>\n<meta property=\"og:url\" content=\"https:\/\/international.franceclat.fr\/fr\/coutellerie-thiers-france\/\" \/>\n<meta property=\"og:site_name\" content=\"FRANCECLAT INTERNATIONAL\" \/>\n<meta property=\"article:published_time\" content=\"2024-01-18T15:27:36+00:00\" \/>\n<meta property=\"article:modified_time\" content=\"2024-01-18T17:03:43+00:00\" \/>\n<meta property=\"og:image\" content=\"https:\/\/international.franceclat.fr\/wp-content\/uploads\/2024\/01\/Dozorme-Thiers.jpg\" \/>\n\t<meta property=\"og:image:width\" content=\"1086\" \/>\n\t<meta property=\"og:image:height\" content=\"1629\" \/>\n\t<meta property=\"og:image:type\" content=\"image\/jpeg\" \/>\n<meta name=\"author\" content=\"L\u00e9a Joyez\" \/>\n<meta name=\"twitter:card\" content=\"summary_large_image\" \/>\n<meta name=\"twitter:label1\" content=\"\u00c9crit par\" \/>\n\t<meta name=\"twitter:data1\" content=\"L\u00e9a Joyez\" \/>\n\t<meta name=\"twitter:label2\" content=\"Dur\u00e9e de lecture estim\u00e9e\" \/>\n\t<meta name=\"twitter:data2\" content=\"7 minutes\" \/>\n<script type=\"application\/ld+json\" class=\"yoast-schema-graph\">{\"@context\":\"https:\/\/schema.org\",\"@graph\":[{\"@type\":\"Article\",\"@id\":\"https:\/\/international.franceclat.fr\/fr\/coutellerie-thiers-france\/#article\",\"isPartOf\":{\"@id\":\"https:\/\/international.franceclat.fr\/fr\/coutellerie-thiers-france\/\"},\"author\":{\"name\":\"L\u00e9a Joyez\",\"@id\":\"https:\/\/franceclat.votre-projet.com\/#\/schema\/person\/4d5183a4fe66b0437341f4cb2a13e191\"},\"headline\":\"Lumi\u00e8re sur la coutellerie de Thiers\",\"datePublished\":\"2024-01-18T15:27:36+00:00\",\"dateModified\":\"2024-01-18T17:03:43+00:00\",\"mainEntityOfPage\":{\"@id\":\"https:\/\/international.franceclat.fr\/fr\/coutellerie-thiers-france\/\"},\"wordCount\":1158,\"commentCount\":0,\"publisher\":{\"@id\":\"https:\/\/franceclat.votre-projet.com\/#organization\"},\"image\":{\"@id\":\"https:\/\/international.franceclat.fr\/fr\/coutellerie-thiers-france\/#primaryimage\"},\"thumbnailUrl\":\"https:\/\/international.franceclat.fr\/wp-content\/uploads\/2024\/01\/Dozorme-Thiers.jpg\",\"articleSection\":[\"Arts de la table\"],\"inLanguage\":\"fr-FR\",\"potentialAction\":[{\"@type\":\"CommentAction\",\"name\":\"Comment\",\"target\":[\"https:\/\/international.franceclat.fr\/fr\/coutellerie-thiers-france\/#respond\"]}]},{\"@type\":\"WebPage\",\"@id\":\"https:\/\/international.franceclat.fr\/fr\/coutellerie-thiers-france\/\",\"url\":\"https:\/\/international.franceclat.fr\/fr\/coutellerie-thiers-france\/\",\"name\":\"Lumi\u00e8re sur la coutellerie de Thiers - FRANCECLAT INTERNATIONAL\",\"isPartOf\":{\"@id\":\"https:\/\/franceclat.votre-projet.com\/#website\"},\"primaryImageOfPage\":{\"@id\":\"https:\/\/international.franceclat.fr\/fr\/coutellerie-thiers-france\/#primaryimage\"},\"image\":{\"@id\":\"https:\/\/international.franceclat.fr\/fr\/coutellerie-thiers-france\/#primaryimage\"},\"thumbnailUrl\":\"https:\/\/international.franceclat.fr\/wp-content\/uploads\/2024\/01\/Dozorme-Thiers.jpg\",\"datePublished\":\"2024-01-18T15:27:36+00:00\",\"dateModified\":\"2024-01-18T17:03:43+00:00\",\"description\":\"Les savoir-faire couteliers des diff\u00e9rentes r\u00e9gions fran\u00e7aises (Nontron, Opinel, Laguiole, couteaux de marin\u2026) font rayonner couverts et couteaux de table de tous les niveaux de gamme dans l\u2019hexagone comme \u00e0 l\u2019international.Les coutelleries install\u00e9es \u00e0 Thiers dans le centre de la France (Puy-de-D\u00f4me), r\u00e9put\u00e9es pour leur fabrication de couteaux de haute qualit\u00e9 d\u00e8s le Moyen \u00c2ge, ont choisi, depuis 2010, de prot\u00e9ger leurs cr\u00e9ations et leurs savoir-faire via la marque locale \u201cLe Thiers par\u201d.\",\"breadcrumb\":{\"@id\":\"https:\/\/international.franceclat.fr\/fr\/coutellerie-thiers-france\/#breadcrumb\"},\"inLanguage\":\"fr-FR\",\"potentialAction\":[{\"@type\":\"ReadAction\",\"target\":[\"https:\/\/international.franceclat.fr\/fr\/coutellerie-thiers-france\/\"]}]},{\"@type\":\"ImageObject\",\"inLanguage\":\"fr-FR\",\"@id\":\"https:\/\/international.franceclat.fr\/fr\/coutellerie-thiers-france\/#primaryimage\",\"url\":\"https:\/\/international.franceclat.fr\/wp-content\/uploads\/2024\/01\/Dozorme-Thiers.jpg\",\"contentUrl\":\"https:\/\/international.franceclat.fr\/wp-content\/uploads\/2024\/01\/Dozorme-Thiers.jpg\",\"width\":1086,\"height\":1629},{\"@type\":\"BreadcrumbList\",\"@id\":\"https:\/\/international.franceclat.fr\/fr\/coutellerie-thiers-france\/#breadcrumb\",\"itemListElement\":[{\"@type\":\"ListItem\",\"position\":1,\"name\":\"Accueil\",\"item\":\"https:\/\/international.franceclat.fr\/fr\/\"},{\"@type\":\"ListItem\",\"position\":2,\"name\":\"Lumi\u00e8re sur la coutellerie de Thiers\"}]},{\"@type\":\"WebSite\",\"@id\":\"https:\/\/franceclat.votre-projet.com\/#website\",\"url\":\"https:\/\/franceclat.votre-projet.com\/\",\"name\":\"Franc\u00e9clat international\",\"description\":\"The path to French excellence. Watches, Jewellery, Tableware.\",\"publisher\":{\"@id\":\"https:\/\/franceclat.votre-projet.com\/#organization\"},\"alternateName\":\"Franc\u00e9clat international\",\"potentialAction\":[{\"@type\":\"SearchAction\",\"target\":{\"@type\":\"EntryPoint\",\"urlTemplate\":\"https:\/\/franceclat.votre-projet.com\/?s={search_term_string}\"},\"query-input\":{\"@type\":\"PropertyValueSpecification\",\"valueRequired\":true,\"valueName\":\"search_term_string\"}}],\"inLanguage\":\"fr-FR\"},{\"@type\":\"Organization\",\"@id\":\"https:\/\/franceclat.votre-projet.com\/#organization\",\"name\":\"Franc\u00e9clat international\",\"url\":\"https:\/\/franceclat.votre-projet.com\/\",\"logo\":{\"@type\":\"ImageObject\",\"inLanguage\":\"fr-FR\",\"@id\":\"https:\/\/franceclat.votre-projet.com\/#\/schema\/logo\/image\/\",\"url\":\"https:\/\/international.franceclat.fr\/wp-content\/uploads\/2023\/02\/Logo-Franceclat.png\",\"contentUrl\":\"https:\/\/international.franceclat.fr\/wp-content\/uploads\/2023\/02\/Logo-Franceclat.png\",\"width\":1667,\"height\":1667,\"caption\":\"Franc\u00e9clat international\"},\"image\":{\"@id\":\"https:\/\/franceclat.votre-projet.com\/#\/schema\/logo\/image\/\"},\"sameAs\":[\"https:\/\/www.linkedin.com\/company\/franceclat-international\/\"]},{\"@type\":\"Person\",\"@id\":\"https:\/\/franceclat.votre-projet.com\/#\/schema\/person\/4d5183a4fe66b0437341f4cb2a13e191\",\"name\":\"L\u00e9a Joyez\",\"image\":{\"@type\":\"ImageObject\",\"inLanguage\":\"fr-FR\",\"@id\":\"https:\/\/franceclat.votre-projet.com\/#\/schema\/person\/image\/\",\"url\":\"https:\/\/secure.gravatar.com\/avatar\/d40f8f49f42f9ab14b6def6635366e33df51e30f0645db021314d9127acb4a2e?s=96&d=mm&r=g\",\"contentUrl\":\"https:\/\/secure.gravatar.com\/avatar\/d40f8f49f42f9ab14b6def6635366e33df51e30f0645db021314d9127acb4a2e?s=96&d=mm&r=g\",\"caption\":\"L\u00e9a Joyez\"},\"url\":\"https:\/\/international.franceclat.fr\/fr\/author\/lea-joyez\/\"}]}<\/script>\n<!-- \/ Yoast SEO plugin. -->","yoast_head_json":{"title":"Lumi\u00e8re sur la coutellerie de Thiers - FRANCECLAT INTERNATIONAL","description":"Les savoir-faire couteliers des diff\u00e9rentes r\u00e9gions fran\u00e7aises (Nontron, Opinel, Laguiole, couteaux de marin\u2026) font rayonner couverts et couteaux de table de tous les niveaux de gamme dans l\u2019hexagone comme \u00e0 l\u2019international.Les coutelleries install\u00e9es \u00e0 Thiers dans le centre de la France (Puy-de-D\u00f4me), r\u00e9put\u00e9es pour leur fabrication de couteaux de haute qualit\u00e9 d\u00e8s le Moyen \u00c2ge, ont choisi, depuis 2010, de prot\u00e9ger leurs cr\u00e9ations et leurs savoir-faire via la marque locale \u201cLe Thiers par\u201d.","robots":{"index":"index","follow":"follow","max-snippet":"max-snippet:-1","max-image-preview":"max-image-preview:large","max-video-preview":"max-video-preview:-1"},"canonical":"https:\/\/international.franceclat.fr\/fr\/coutellerie-thiers-france\/","og_locale":"fr_FR","og_type":"article","og_title":"Lumi\u00e8re sur la coutellerie de Thiers - FRANCECLAT INTERNATIONAL","og_description":"Les savoir-faire couteliers des diff\u00e9rentes r\u00e9gions fran\u00e7aises (Nontron, Opinel, Laguiole, couteaux de marin\u2026) font rayonner couverts et couteaux de table de tous les niveaux de gamme dans l\u2019hexagone comme \u00e0 l\u2019international.Les coutelleries install\u00e9es \u00e0 Thiers dans le centre de la France (Puy-de-D\u00f4me), r\u00e9put\u00e9es pour leur fabrication de couteaux de haute qualit\u00e9 d\u00e8s le Moyen \u00c2ge, ont choisi, depuis 2010, de prot\u00e9ger leurs cr\u00e9ations et leurs savoir-faire via la marque locale \u201cLe Thiers par\u201d.","og_url":"https:\/\/international.franceclat.fr\/fr\/coutellerie-thiers-france\/","og_site_name":"FRANCECLAT INTERNATIONAL","article_published_time":"2024-01-18T15:27:36+00:00","article_modified_time":"2024-01-18T17:03:43+00:00","og_image":[{"width":1086,"height":1629,"url":"https:\/\/international.franceclat.fr\/wp-content\/uploads\/2024\/01\/Dozorme-Thiers.jpg","type":"image\/jpeg"}],"author":"L\u00e9a Joyez","twitter_card":"summary_large_image","twitter_misc":{"\u00c9crit par":"L\u00e9a Joyez","Dur\u00e9e de lecture estim\u00e9e":"7 minutes"},"schema":{"@context":"https:\/\/schema.org","@graph":[{"@type":"Article","@id":"https:\/\/international.franceclat.fr\/fr\/coutellerie-thiers-france\/#article","isPartOf":{"@id":"https:\/\/international.franceclat.fr\/fr\/coutellerie-thiers-france\/"},"author":{"name":"L\u00e9a Joyez","@id":"https:\/\/franceclat.votre-projet.com\/#\/schema\/person\/4d5183a4fe66b0437341f4cb2a13e191"},"headline":"Lumi\u00e8re sur la coutellerie de Thiers","datePublished":"2024-01-18T15:27:36+00:00","dateModified":"2024-01-18T17:03:43+00:00","mainEntityOfPage":{"@id":"https:\/\/international.franceclat.fr\/fr\/coutellerie-thiers-france\/"},"wordCount":1158,"commentCount":0,"publisher":{"@id":"https:\/\/franceclat.votre-projet.com\/#organization"},"image":{"@id":"https:\/\/international.franceclat.fr\/fr\/coutellerie-thiers-france\/#primaryimage"},"thumbnailUrl":"https:\/\/international.franceclat.fr\/wp-content\/uploads\/2024\/01\/Dozorme-Thiers.jpg","articleSection":["Arts de la table"],"inLanguage":"fr-FR","potentialAction":[{"@type":"CommentAction","name":"Comment","target":["https:\/\/international.franceclat.fr\/fr\/coutellerie-thiers-france\/#respond"]}]},{"@type":"WebPage","@id":"https:\/\/international.franceclat.fr\/fr\/coutellerie-thiers-france\/","url":"https:\/\/international.franceclat.fr\/fr\/coutellerie-thiers-france\/","name":"Lumi\u00e8re sur la coutellerie de Thiers - FRANCECLAT INTERNATIONAL","isPartOf":{"@id":"https:\/\/franceclat.votre-projet.com\/#website"},"primaryImageOfPage":{"@id":"https:\/\/international.franceclat.fr\/fr\/coutellerie-thiers-france\/#primaryimage"},"image":{"@id":"https:\/\/international.franceclat.fr\/fr\/coutellerie-thiers-france\/#primaryimage"},"thumbnailUrl":"https:\/\/international.franceclat.fr\/wp-content\/uploads\/2024\/01\/Dozorme-Thiers.jpg","datePublished":"2024-01-18T15:27:36+00:00","dateModified":"2024-01-18T17:03:43+00:00","description":"Les savoir-faire couteliers des diff\u00e9rentes r\u00e9gions fran\u00e7aises (Nontron, Opinel, Laguiole, couteaux de marin\u2026) font rayonner couverts et couteaux de table de tous les niveaux de gamme dans l\u2019hexagone comme \u00e0 l\u2019international.Les coutelleries install\u00e9es \u00e0 Thiers dans le centre de la France (Puy-de-D\u00f4me), r\u00e9put\u00e9es pour leur fabrication de couteaux de haute qualit\u00e9 d\u00e8s le Moyen \u00c2ge, ont choisi, depuis 2010, de prot\u00e9ger leurs cr\u00e9ations et leurs savoir-faire via la marque locale \u201cLe Thiers par\u201d.","breadcrumb":{"@id":"https:\/\/international.franceclat.fr\/fr\/coutellerie-thiers-france\/#breadcrumb"},"inLanguage":"fr-FR","potentialAction":[{"@type":"ReadAction","target":["https:\/\/international.franceclat.fr\/fr\/coutellerie-thiers-france\/"]}]},{"@type":"ImageObject","inLanguage":"fr-FR","@id":"https:\/\/international.franceclat.fr\/fr\/coutellerie-thiers-france\/#primaryimage","url":"https:\/\/international.franceclat.fr\/wp-content\/uploads\/2024\/01\/Dozorme-Thiers.jpg","contentUrl":"https:\/\/international.franceclat.fr\/wp-content\/uploads\/2024\/01\/Dozorme-Thiers.jpg","width":1086,"height":1629},{"@type":"BreadcrumbList","@id":"https:\/\/international.franceclat.fr\/fr\/coutellerie-thiers-france\/#breadcrumb","itemListElement":[{"@type":"ListItem","position":1,"name":"Accueil","item":"https:\/\/international.franceclat.fr\/fr\/"},{"@type":"ListItem","position":2,"name":"Lumi\u00e8re sur la coutellerie de Thiers"}]},{"@type":"WebSite","@id":"https:\/\/franceclat.votre-projet.com\/#website","url":"https:\/\/franceclat.votre-projet.com\/","name":"Franc\u00e9clat international","description":"The path to French excellence. Watches, Jewellery, Tableware.","publisher":{"@id":"https:\/\/franceclat.votre-projet.com\/#organization"},"alternateName":"Franc\u00e9clat international","potentialAction":[{"@type":"SearchAction","target":{"@type":"EntryPoint","urlTemplate":"https:\/\/franceclat.votre-projet.com\/?s={search_term_string}"},"query-input":{"@type":"PropertyValueSpecification","valueRequired":true,"valueName":"search_term_string"}}],"inLanguage":"fr-FR"},{"@type":"Organization","@id":"https:\/\/franceclat.votre-projet.com\/#organization","name":"Franc\u00e9clat international","url":"https:\/\/franceclat.votre-projet.com\/","logo":{"@type":"ImageObject","inLanguage":"fr-FR","@id":"https:\/\/franceclat.votre-projet.com\/#\/schema\/logo\/image\/","url":"https:\/\/international.franceclat.fr\/wp-content\/uploads\/2023\/02\/Logo-Franceclat.png","contentUrl":"https:\/\/international.franceclat.fr\/wp-content\/uploads\/2023\/02\/Logo-Franceclat.png","width":1667,"height":1667,"caption":"Franc\u00e9clat international"},"image":{"@id":"https:\/\/franceclat.votre-projet.com\/#\/schema\/logo\/image\/"},"sameAs":["https:\/\/www.linkedin.com\/company\/franceclat-international\/"]},{"@type":"Person","@id":"https:\/\/franceclat.votre-projet.com\/#\/schema\/person\/4d5183a4fe66b0437341f4cb2a13e191","name":"L\u00e9a Joyez","image":{"@type":"ImageObject","inLanguage":"fr-FR","@id":"https:\/\/franceclat.votre-projet.com\/#\/schema\/person\/image\/","url":"https:\/\/secure.gravatar.com\/avatar\/d40f8f49f42f9ab14b6def6635366e33df51e30f0645db021314d9127acb4a2e?s=96&d=mm&r=g","contentUrl":"https:\/\/secure.gravatar.com\/avatar\/d40f8f49f42f9ab14b6def6635366e33df51e30f0645db021314d9127acb4a2e?s=96&d=mm&r=g","caption":"L\u00e9a Joyez"},"url":"https:\/\/international.franceclat.fr\/fr\/author\/lea-joyez\/"}]}},"_links":{"self":[{"href":"https:\/\/international.franceclat.fr\/fr\/wp-json\/wp\/v2\/posts\/29007","targetHints":{"allow":["GET"]}}],"collection":[{"href":"https:\/\/international.franceclat.fr\/fr\/wp-json\/wp\/v2\/posts"}],"about":[{"href":"https:\/\/international.franceclat.fr\/fr\/wp-json\/wp\/v2\/types\/post"}],"author":[{"embeddable":true,"href":"https:\/\/international.franceclat.fr\/fr\/wp-json\/wp\/v2\/users\/2"}],"replies":[{"embeddable":true,"href":"https:\/\/international.franceclat.fr\/fr\/wp-json\/wp\/v2\/comments?post=29007"}],"version-history":[{"count":3,"href":"https:\/\/international.franceclat.fr\/fr\/wp-json\/wp\/v2\/posts\/29007\/revisions"}],"predecessor-version":[{"id":29015,"href":"https:\/\/international.franceclat.fr\/fr\/wp-json\/wp\/v2\/posts\/29007\/revisions\/29015"}],"wp:featuredmedia":[{"embeddable":true,"href":"https:\/\/international.franceclat.fr\/fr\/wp-json\/wp\/v2\/media\/28999"}],"wp:attachment":[{"href":"https:\/\/international.franceclat.fr\/fr\/wp-json\/wp\/v2\/media?parent=29007"}],"wp:term":[{"taxonomy":"category","embeddable":true,"href":"https:\/\/international.franceclat.fr\/fr\/wp-json\/wp\/v2\/categories?post=29007"},{"taxonomy":"post_tag","embeddable":true,"href":"https:\/\/international.franceclat.fr\/fr\/wp-json\/wp\/v2\/tags?post=29007"}],"curies":[{"name":"wp","href":"https:\/\/api.w.org\/{rel}","templated":true}]}}