{"id":31286,"date":"2024-07-04T15:35:54","date_gmt":"2024-07-04T13:35:54","guid":{"rendered":"https:\/\/international.franceclat.fr\/?p=31286"},"modified":"2024-07-19T15:20:36","modified_gmt":"2024-07-19T13:20:36","slug":"french-creative-corner-a-vicenzaoro","status":"publish","type":"post","link":"https:\/\/international.franceclat.fr\/fr\/french-creative-corner-a-vicenzaoro\/","title":{"rendered":"French Creative Corner \u00e0 VicenzaOro"},"content":{"rendered":"\n<div class=\"wp-block-columns is-layout-flex wp-container-core-columns-is-layout-9d6595d7 wp-block-columns-is-layout-flex\">\n<div class=\"wp-block-column is-layout-flow wp-block-column-is-layout-flow\">\n<h2 class=\"wp-block-heading\">Edition septembre 2024<\/h2>\n\n\n\n<p>L'excellence joailli\u00e8re fran\u00e7aise s'appuie sur un savoir-faire prestigieux, des cr\u00e9ateurs de renom et une inspiration cr\u00e9ative sans cesse renouvel\u00e9e. La France doit sa r\u00e9putation de leader mondial du luxe et de la cr\u00e9ativit\u00e9 \u00e0 son savoir-faire et \u00e0 un pass\u00e9 ancr\u00e9 dans les grandes Maisons de la Place Vend\u00f4me.<br>Au fil du temps, les normes et les tendances inh\u00e9rentes aux diff\u00e9rentes formes d'art \u00e9voluent, et l'art de la joaillerie fran\u00e7aise n'\u00e9chappe pas \u00e0 la r\u00e8gle. Une nouvelle g\u00e9n\u00e9ration de marques cr\u00e9atives fait son apparition dans ce paysage exclusif, anim\u00e9e par la volont\u00e9 de pr\u00e9senter son travail au-del\u00e0 des fronti\u00e8res de la France.<br>Nous souhaitons continuer \u00e0 promouvoir cette cr\u00e9ativit\u00e9 en proposant une s\u00e9lection de marques fran\u00e7aises \u00e9mergentes et cr\u00e9atives dans un espace d\u00e9di\u00e9 au salon VicenzaOro en 2024.<\/p>\n<\/div>\n<\/div>\n\n\n\n<p class=\"has-text-align-center\"><strong>Retrouvez-nous au Stand 169-171 - Hall 1 du 6 au 10 septembre 2024 !<\/strong><\/p>\n\n\n\n<div class=\"wp-block-columns is-layout-flex wp-container-core-columns-is-layout-9d6595d7 wp-block-columns-is-layout-flex\">\n<div class=\"wp-block-column is-layout-flow wp-block-column-is-layout-flow\" style=\"flex-basis:25%\"><\/div>\n\n\n\n<div class=\"wp-block-column is-layout-flow wp-block-column-is-layout-flow\" style=\"flex-basis:50%\">\n<figure class=\"wp-block-image size-full\"><img loading=\"lazy\" decoding=\"async\" width=\"2000\" height=\"1600\" src=\"https:\/\/international.franceclat.fr\/wp-content\/uploads\/2024\/07\/logo-fondbleu-complet.png\" alt=\"French Creative Corner\" class=\"wp-image-31304\" srcset=\"https:\/\/international.franceclat.fr\/wp-content\/uploads\/2024\/07\/logo-fondbleu-complet.png 2000w, https:\/\/international.franceclat.fr\/wp-content\/uploads\/2024\/07\/logo-fondbleu-complet-463x370.png 463w, https:\/\/international.franceclat.fr\/wp-content\/uploads\/2024\/07\/logo-fondbleu-complet-1024x819.png 1024w, https:\/\/international.franceclat.fr\/wp-content\/uploads\/2024\/07\/logo-fondbleu-complet-768x614.png 768w, https:\/\/international.franceclat.fr\/wp-content\/uploads\/2024\/07\/logo-fondbleu-complet-1536x1229.png 1536w, https:\/\/international.franceclat.fr\/wp-content\/uploads\/2024\/07\/logo-fondbleu-complet-500x400.png 500w\" sizes=\"auto, (max-width: 2000px) 100vw, 2000px\" \/><\/figure>\n<\/div>\n\n\n\n<div class=\"wp-block-column is-layout-flow wp-block-column-is-layout-flow\" style=\"flex-basis:25%\"><\/div>\n<\/div>\n\n\n\n<p><\/p>\n\n\n\n<div class=\"wp-block-columns tiers-img-droite tiers-margin-left reverse-bloc-img-right is-layout-flex wp-container-core-columns-is-layout-9d6595d7 wp-block-columns-is-layout-flex\">\n<div class=\"wp-block-column is-layout-flow wp-block-column-is-layout-flow\">\n<h2 class=\"wp-block-heading\">Animisma<\/h2>\n\n\n\n<p>Animisma est une marque de joaillerie li\u00e9e au sensible. Inspir\u00e9es par la nature, le modernisme et le m\u00e9tissage, les cr\u00e9ations Animisma sont des bijoux en argent et vermeil fran\u00e7ais, fabriqu\u00e9s en France.<br>Adaptations pr\u00e9cieuses de l\u2019animisme, croyance selon laquelle tout ce qui nous entoure, est dot\u00e9 d\u2019une \u00e2me ; Animisma donnent vie \u00e0 des symboles subtils et des variations modernes et raffin\u00e9es. \u00c9quilibre subtile entre les nuances de couleurs et les reflets des pierres, chaque bijou Animisma est un jeu de versatilit\u00e9. Cr\u00e9\u00e9es pour captiver, chaque pi\u00e8ce a une signification particuli\u00e8re pour la personne qui la porte, tel un murmure d\u00e9licat.<\/p>\n<\/div>\n\n\n\n<div class=\"wp-block-column is-layout-flow wp-block-column-is-layout-flow\">\n<figure class=\"wp-block-image size-full\"><img loading=\"lazy\" decoding=\"async\" width=\"1320\" height=\"1650\" src=\"https:\/\/international.franceclat.fr\/wp-content\/uploads\/2024\/07\/ANIMISMA.jpg\" alt=\"ANIMISMA\" class=\"wp-image-31287\" srcset=\"https:\/\/international.franceclat.fr\/wp-content\/uploads\/2024\/07\/ANIMISMA.jpg 1320w, https:\/\/international.franceclat.fr\/wp-content\/uploads\/2024\/07\/ANIMISMA-296x370.jpg 296w, https:\/\/international.franceclat.fr\/wp-content\/uploads\/2024\/07\/ANIMISMA-819x1024.jpg 819w, https:\/\/international.franceclat.fr\/wp-content\/uploads\/2024\/07\/ANIMISMA-768x960.jpg 768w, https:\/\/international.franceclat.fr\/wp-content\/uploads\/2024\/07\/ANIMISMA-1229x1536.jpg 1229w, https:\/\/international.franceclat.fr\/wp-content\/uploads\/2024\/07\/ANIMISMA-400x500.jpg 400w\" sizes=\"auto, (max-width: 1320px) 100vw, 1320px\" \/><\/figure>\n<\/div>\n<\/div>\n\n\n\n<div class=\"wp-block-columns tiers-img-gauche tiers-margin-right is-layout-flex wp-container-core-columns-is-layout-9d6595d7 wp-block-columns-is-layout-flex\">\n<div class=\"wp-block-column is-layout-flow wp-block-column-is-layout-flow\">\n<figure class=\"wp-block-image size-full\"><img loading=\"lazy\" decoding=\"async\" width=\"576\" height=\"720\" src=\"https:\/\/international.franceclat.fr\/wp-content\/uploads\/2024\/07\/BANGLE-UP.jpg\" alt=\"BANGLE UP\" class=\"wp-image-31289\" srcset=\"https:\/\/international.franceclat.fr\/wp-content\/uploads\/2024\/07\/BANGLE-UP.jpg 576w, https:\/\/international.franceclat.fr\/wp-content\/uploads\/2024\/07\/BANGLE-UP-296x370.jpg 296w, https:\/\/international.franceclat.fr\/wp-content\/uploads\/2024\/07\/BANGLE-UP-400x500.jpg 400w\" sizes=\"auto, (max-width: 576px) 100vw, 576px\" \/><\/figure>\n<\/div>\n\n\n\n<div class=\"wp-block-column is-layout-flow wp-block-column-is-layout-flow\">\n<h2 class=\"wp-block-heading\">Bangle-Up<\/h2>\n\n\n\n<p>Bangle-Up, c\u2019est l\u2019histoire d\u2019un bracelet. Un bijou \u00e0 la forme originelle du \u00ab bangle \u00bb mais \u00ab up-grad\u00e9 \u00bb, d\u00e8s le d\u00e9part, d\u2019imprim\u00e9s singuliers. Au fil des ann\u00e9es, ce bracelet \u00e9volutif s\u2019est constamment renouvel\u00e9 et progressivement d\u00e9clin\u00e9 en joncs, manchettes, bagues, colliers et boucles d\u2019oreilles compl\u00e9mentaires. Sobres et color\u00e9es, raffin\u00e9es et accessibles, actuelles et intemporelles, ces pi\u00e8ces sont joyeusement modulables et accumulables. C\u2019est la proposition d\u2019une diversification de port\u00e9s baptis\u00e9e le \u00ab Up-Wear \u00bb.<br>Bijoux de belle facture, rehauss\u00e9s \u00e0 l\u2019or fin, les cr\u00e9ations de Bangle-Up r\u00e9sultent du processus artisanal revisit\u00e9 de la laque et de l\u2019\u00e9mail. Ils sont mis au point et r\u00e9alis\u00e9s en 3D dans un atelier parisien puis fa\u00e7onn\u00e9s chez un partenaire sp\u00e9cialis\u00e9 en Asie. Un savoir-faire \u00e9labor\u00e9 auquel le travail de la main reste intimement li\u00e9. Nos bijoux sont fabriqu\u00e9s en laiton plaqu\u00e9 or fin ou en zamak et acier PVD. Ils sont orn\u00e9s d'\u00e9mail ou de laque.<\/p>\n<\/div>\n<\/div>\n\n\n\n<div class=\"wp-block-columns tiers-img-droite tiers-margin-left reverse-bloc-img-right is-layout-flex wp-container-core-columns-is-layout-9d6595d7 wp-block-columns-is-layout-flex\">\n<div class=\"wp-block-column is-layout-flow wp-block-column-is-layout-flow\">\n<h2 class=\"wp-block-heading\">Ikoba<\/h2>\n\n\n\n<p>Bijoux pour Homme inspir\u00e9s du Monde<br>Ikoba enchante les amateurs de bijoux masculins avec des cr\u00e9ations uniques, disponibles dans les boutiques fran\u00e7aises et internationales. Chaque pi\u00e8ce puise son inspiration dans les voyages et les cultures du monde entier, offrant une diversit\u00e9 de motifs et de mat\u00e9riaux naturels.<br>La collection Ikoba se distingue par des designs authentiques int\u00e9grant des \u00e9l\u00e9ments tels que le cuir, le bois fossilis\u00e9, le lapis lazuli, la pierre de lave et bien d\u2019autre encore\u2026<br>En boutique, la marque est reconnaissable par ses displays \u00e9l\u00e9gants faits de cuir et en bois.<br>Dans l\u2019univers Ikoba, chaque bijou raconte une histoire de voyage et de rencontre.<\/p>\n<\/div>\n\n\n\n<div class=\"wp-block-column is-layout-flow wp-block-column-is-layout-flow\">\n<figure class=\"wp-block-image size-full\"><img loading=\"lazy\" decoding=\"async\" width=\"1320\" height=\"1650\" src=\"https:\/\/international.franceclat.fr\/wp-content\/uploads\/2024\/07\/IKOBA.jpg\" alt=\"\" class=\"wp-image-31291\" srcset=\"https:\/\/international.franceclat.fr\/wp-content\/uploads\/2024\/07\/IKOBA.jpg 1320w, https:\/\/international.franceclat.fr\/wp-content\/uploads\/2024\/07\/IKOBA-296x370.jpg 296w, https:\/\/international.franceclat.fr\/wp-content\/uploads\/2024\/07\/IKOBA-819x1024.jpg 819w, https:\/\/international.franceclat.fr\/wp-content\/uploads\/2024\/07\/IKOBA-768x960.jpg 768w, https:\/\/international.franceclat.fr\/wp-content\/uploads\/2024\/07\/IKOBA-1229x1536.jpg 1229w, https:\/\/international.franceclat.fr\/wp-content\/uploads\/2024\/07\/IKOBA-400x500.jpg 400w\" sizes=\"auto, (max-width: 1320px) 100vw, 1320px\" \/><\/figure>\n<\/div>\n<\/div>\n\n\n\n<div class=\"wp-block-columns tiers-img-gauche tiers-margin-right is-layout-flex wp-container-core-columns-is-layout-9d6595d7 wp-block-columns-is-layout-flex\">\n<div class=\"wp-block-column is-layout-flow wp-block-column-is-layout-flow\">\n<figure class=\"wp-block-image size-full\"><img loading=\"lazy\" decoding=\"async\" width=\"1320\" height=\"1650\" src=\"https:\/\/international.franceclat.fr\/wp-content\/uploads\/2024\/07\/MILLE-ET-UNE-PERLES.jpg\" alt=\"MILLE ET UNE PERLES\" class=\"wp-image-31293\" srcset=\"https:\/\/international.franceclat.fr\/wp-content\/uploads\/2024\/07\/MILLE-ET-UNE-PERLES.jpg 1320w, https:\/\/international.franceclat.fr\/wp-content\/uploads\/2024\/07\/MILLE-ET-UNE-PERLES-296x370.jpg 296w, https:\/\/international.franceclat.fr\/wp-content\/uploads\/2024\/07\/MILLE-ET-UNE-PERLES-819x1024.jpg 819w, https:\/\/international.franceclat.fr\/wp-content\/uploads\/2024\/07\/MILLE-ET-UNE-PERLES-768x960.jpg 768w, https:\/\/international.franceclat.fr\/wp-content\/uploads\/2024\/07\/MILLE-ET-UNE-PERLES-1229x1536.jpg 1229w, https:\/\/international.franceclat.fr\/wp-content\/uploads\/2024\/07\/MILLE-ET-UNE-PERLES-400x500.jpg 400w\" sizes=\"auto, (max-width: 1320px) 100vw, 1320px\" \/><\/figure>\n<\/div>\n\n\n\n<div class=\"wp-block-column is-layout-flow wp-block-column-is-layout-flow\">\n<h2 class=\"wp-block-heading\">Mille Et Une Perles<\/h2>\n\n\n\n<p>Une marque de valeurs et de symboles\u2026<br>La soci\u00e9t\u00e9 Mille et Une Perles, sp\u00e9cialiste de la perle de culture qui fournit de nombreuses maisons de joaillerie, s\u2019est passionn\u00e9e pour l\u2019histoire des mythiques plongeuses et chasseuses de perles japonaises, les \u00ab Ama \u00bb.<br>Ces myst\u00e9rieuses plongeuses japonaises, p\u00eacheuses de perles sont r\u00e9put\u00e9es pour leur courage et leur technique de p\u00eache \u00e9prouv\u00e9e depuis des si\u00e8cles.<br>Mille et Une Perles cr\u00e9e, en leur hommage une collection en or et perles de culture facett\u00e9es appel\u00e9es \u00ab Perles Hanashinju \u00bb. Cette collection met en sc\u00e8ne les perles de culture taill\u00e9es par Mr Komatsu. C\u2019est en utilisant une technique similaire \u00e0 celle utilis\u00e9e pour la taille des pierres, que le ma\u00eetre lapidaire japonais, taille avec une virtuosit\u00e9 sans \u00e9gale, toutes sortes de perles de culture leur donnant un jeu de lumi\u00e8re unique. Mille et une Perles propose \u00e9galement les perles facett\u00e9es sans montage.<\/p>\n<\/div>\n<\/div>\n\n\n\n<div class=\"wp-block-columns tiers-img-droite tiers-margin-left reverse-bloc-img-right is-layout-flex wp-container-core-columns-is-layout-9d6595d7 wp-block-columns-is-layout-flex\">\n<div class=\"wp-block-column is-layout-flow wp-block-column-is-layout-flow\">\n<h2 class=\"wp-block-heading\">Morganne Bello<\/h2>\n\n\n\n<p>Morganne Bello, c'est l'histoire d'une passion pour la beaut\u00e9 et la magie des pierres pr\u00e9cieuses. \u00c9tablie \u00e0 Paris en 2002, la Maison a cr\u00e9\u00e9 un style subtil, mais imm\u00e9diatement reconnaissable, d'un chic intemporel. Nos cr\u00e9ations mettent en valeur la beaut\u00e9 des pierres pr\u00e9cieuses qui sont port\u00e9es au contact de la peau pour une connexion sp\u00e9ciale avec l'\u00e9nergie unique de chaque pierre.<br>Nous recherchons et s\u00e9lectionnons m\u00e9ticuleusement les plus belles pierres naturelles du monde entier gr\u00e2ce \u00e0 un r\u00e9seau d'experts que nous avons patiemment constitu\u00e9 au fil des ans. Nos coupes embl\u00e9matiques \u00e0 multiples facettes permettent \u00e0 ces pierres de r\u00e9v\u00e9ler tout leur \u00e9clat myst\u00e9rieux et leur couleur captivante.<br>Depuis plus de 20 ans, nos cr\u00e9ations, adapt\u00e9es \u00e0 toutes les occasions, incarnent un style de vie vibrant et joyeux, c\u00e9l\u00e9brant l'un des dons les plus extraordinaires de la nature.<\/p>\n<\/div>\n\n\n\n<div class=\"wp-block-column is-layout-flow wp-block-column-is-layout-flow\">\n<figure class=\"wp-block-image size-full\"><img loading=\"lazy\" decoding=\"async\" width=\"1320\" height=\"1650\" src=\"https:\/\/international.franceclat.fr\/wp-content\/uploads\/2024\/07\/MORGANNE-BELLO.jpg\" alt=\"MORGANNE BELLO\" class=\"wp-image-31295\" srcset=\"https:\/\/international.franceclat.fr\/wp-content\/uploads\/2024\/07\/MORGANNE-BELLO.jpg 1320w, https:\/\/international.franceclat.fr\/wp-content\/uploads\/2024\/07\/MORGANNE-BELLO-296x370.jpg 296w, https:\/\/international.franceclat.fr\/wp-content\/uploads\/2024\/07\/MORGANNE-BELLO-819x1024.jpg 819w, https:\/\/international.franceclat.fr\/wp-content\/uploads\/2024\/07\/MORGANNE-BELLO-768x960.jpg 768w, https:\/\/international.franceclat.fr\/wp-content\/uploads\/2024\/07\/MORGANNE-BELLO-1229x1536.jpg 1229w, https:\/\/international.franceclat.fr\/wp-content\/uploads\/2024\/07\/MORGANNE-BELLO-400x500.jpg 400w\" sizes=\"auto, (max-width: 1320px) 100vw, 1320px\" \/><\/figure>\n<\/div>\n<\/div>\n\n\n\n<div class=\"wp-block-columns tiers-img-gauche tiers-margin-right is-layout-flex wp-container-core-columns-is-layout-9d6595d7 wp-block-columns-is-layout-flex\">\n<div class=\"wp-block-column is-layout-flow wp-block-column-is-layout-flow\">\n<figure class=\"wp-block-image size-full\"><img loading=\"lazy\" decoding=\"async\" width=\"1320\" height=\"1650\" src=\"https:\/\/international.franceclat.fr\/wp-content\/uploads\/2024\/07\/MYSTERYJOY.jpg\" alt=\"MYSTERYJOY\" class=\"wp-image-31297\" srcset=\"https:\/\/international.franceclat.fr\/wp-content\/uploads\/2024\/07\/MYSTERYJOY.jpg 1320w, https:\/\/international.franceclat.fr\/wp-content\/uploads\/2024\/07\/MYSTERYJOY-296x370.jpg 296w, https:\/\/international.franceclat.fr\/wp-content\/uploads\/2024\/07\/MYSTERYJOY-819x1024.jpg 819w, https:\/\/international.franceclat.fr\/wp-content\/uploads\/2024\/07\/MYSTERYJOY-768x960.jpg 768w, https:\/\/international.franceclat.fr\/wp-content\/uploads\/2024\/07\/MYSTERYJOY-1229x1536.jpg 1229w, https:\/\/international.franceclat.fr\/wp-content\/uploads\/2024\/07\/MYSTERYJOY-400x500.jpg 400w\" sizes=\"auto, (max-width: 1320px) 100vw, 1320px\" \/><\/figure>\n<\/div>\n\n\n\n<div class=\"wp-block-column is-layout-flow wp-block-column-is-layout-flow\">\n<h2 class=\"wp-block-heading\">Mysteryjoy<\/h2>\n\n\n\n<p>\u00ab Ode \u00e0 l\u2019enfance et \u00e0 l\u2019imaginaire, Mysteryjoy se joue des codes de l\u2019onirisme et du fantastique. \u00bb<br>Chaque bijou est fabriqu\u00e9 en or 750 milli\u00e8mes et diamants de synth\u00e8se, en France. Un sourcing juste, porteur d\u2019une promesse, d\u2019un engagement.<br>Joy Toledano con\u00e7oit ses bijoux comme une magicienne con\u00e7oit ses tours. Chaque bijou est pens\u00e9 tel un livre \u00e0 d\u00e9couvrir, une histoire myst\u00e9rieuse \u00e0 raconter.<\/p>\n<\/div>\n<\/div>\n\n\n\n<h2 class=\"wp-block-heading\">Exposition collective<\/h2>\n\n\n\n<p>Le French Creative Corner r\u00e9unira six marques fran\u00e7aises de joaillerie et de bijouterie fantaisie. En parall\u00e8le, une dizaine d'autres marques auront leurs propres stands, offrant une grande diversit\u00e9 de styles et de cr\u00e9ations. Un espace d\u00e9di\u00e9 sur le French Creative Corner accueillera une exposition collective, mettant en avant toutes les marques fran\u00e7aises pr\u00e9sentes au salon avec une trentaine de bijoux organis\u00e9s par th\u00e8me. Cette pr\u00e9sentation illustrera la cr\u00e9ativit\u00e9 et la diversit\u00e9 de la sc\u00e8ne joailli\u00e8re fran\u00e7aise.<\/p>\n\n\n\n<p><\/p>\n\n\n\n<p class=\"has-text-align-center\"><em>Franc\u00e9clat est en charge du d\u00e9veloppement des fili\u00e8res fran\u00e7aises de l'Horlogerie, de la Bijouterie-Joaillerie et des Arts de la Table. Il a pour vocation de faire grandir et rayonner durablement, en France et dans le monde, ces 3 secteurs embl\u00e9matiques de notre art de vivre.<br>Franc\u00e9clat d\u00e9crypte les march\u00e9s, anticipe les tendances, dynamise la cr\u00e9ation, stimule l'innovation, provoque des rencontres et permet un partage unique entre petites et grandes entreprises. Nos initiatives en faveur du savoir-faire fran\u00e7ais d\u00e9passent largement les fronti\u00e8res hexagonales.<br>Nous avons des connexions dans le monde entier et notre ambition est de promouvoir et d'encourager le savoir-faire fran\u00e7ais \u00e0 travers des produits fran\u00e7ais authentiques et finement \u00e9labor\u00e9s.<\/em><\/p>\n","protected":false},"excerpt":{"rendered":"<p>Le French Creative Corner r\u00e9unira six marques fran\u00e7aises de joaillerie et de bijouterie fantaisie : Animisma, Bangle-Up, Ikoba, Mille et Une Perles, Morganne Bello et Mysteryjoy. Un espace d\u00e9di\u00e9 sur le French Creative Corner accueillera une exposition collective, mettant en avant toutes les marques fran\u00e7aises pr\u00e9sentes au salon avec une trentaine de bijoux organis\u00e9s par th\u00e8me. Cette pr\u00e9sentation illustrera la cr\u00e9ativit\u00e9 et la diversit\u00e9 de la sc\u00e8ne joailli\u00e8re fran\u00e7aise.<\/p>\n","protected":false},"author":10,"featured_media":31317,"comment_status":"open","ping_status":"open","sticky":false,"template":"","format":"standard","meta":{"_acf_changed":false,"_relevanssi_hide_post":"","_relevanssi_hide_content":"","_relevanssi_pin_for_all":"","_relevanssi_pin_keywords":"","_relevanssi_unpin_keywords":"","_relevanssi_related_keywords":"","_relevanssi_related_include_ids":"","_relevanssi_related_exclude_ids":"","_relevanssi_related_no_append":"","_relevanssi_related_not_related":"","_relevanssi_related_posts":"162,25012,299","_relevanssi_noindex_reason":"","footnotes":""},"categories":[21],"tags":[],"class_list":["post-31286","post","type-post","status-publish","format-standard","has-post-thumbnail","hentry","category-bijouterie-joaillerie"],"acf":[],"yoast_head":"<!-- This site is optimized with the Yoast SEO plugin v27.1.1 - https:\/\/yoast.com\/product\/yoast-seo-wordpress\/ -->\n<title>French Creative Corner \u00e0 VicenzaOro - FRANCECLAT INTERNATIONAL<\/title>\n<meta name=\"description\" content=\"Le French Creative Corner r\u00e9unira six marques fran\u00e7aises de joaillerie et de bijouterie fantaisie : Animisma, Bangle-Up, Ikoba, Mille et Une Perles, Morganne Bello et Mysteryjoy. Un espace d\u00e9di\u00e9 sur le French Creative Corner accueillera une exposition collective, mettant en avant toutes les marques fran\u00e7aises pr\u00e9sentes au salon avec une trentaine de bijoux organis\u00e9s par th\u00e8me. Cette pr\u00e9sentation illustrera la cr\u00e9ativit\u00e9 et la diversit\u00e9 de la sc\u00e8ne joailli\u00e8re fran\u00e7aise.\" \/>\n<meta name=\"robots\" content=\"index, follow, max-snippet:-1, max-image-preview:large, max-video-preview:-1\" \/>\n<link rel=\"canonical\" href=\"https:\/\/international.franceclat.fr\/fr\/french-creative-corner-a-vicenzaoro\/\" \/>\n<meta property=\"og:locale\" content=\"fr_FR\" \/>\n<meta property=\"og:type\" content=\"article\" \/>\n<meta property=\"og:title\" content=\"French Creative Corner \u00e0 VicenzaOro - FRANCECLAT INTERNATIONAL\" \/>\n<meta property=\"og:description\" content=\"Le French Creative Corner r\u00e9unira six marques fran\u00e7aises de joaillerie et de bijouterie fantaisie : Animisma, Bangle-Up, Ikoba, Mille et Une Perles, Morganne Bello et Mysteryjoy. Un espace d\u00e9di\u00e9 sur le French Creative Corner accueillera une exposition collective, mettant en avant toutes les marques fran\u00e7aises pr\u00e9sentes au salon avec une trentaine de bijoux organis\u00e9s par th\u00e8me. Cette pr\u00e9sentation illustrera la cr\u00e9ativit\u00e9 et la diversit\u00e9 de la sc\u00e8ne joailli\u00e8re fran\u00e7aise.\" \/>\n<meta property=\"og:url\" content=\"https:\/\/international.franceclat.fr\/fr\/french-creative-corner-a-vicenzaoro\/\" \/>\n<meta property=\"og:site_name\" content=\"FRANCECLAT INTERNATIONAL\" \/>\n<meta property=\"article:published_time\" content=\"2024-07-04T13:35:54+00:00\" \/>\n<meta property=\"article:modified_time\" content=\"2024-07-19T13:20:36+00:00\" \/>\n<meta property=\"og:image\" content=\"https:\/\/international.franceclat.fr\/wp-content\/uploads\/2024\/07\/French-Creative-Corner-logo-fond-bleu-.png\" \/>\n\t<meta property=\"og:image:width\" content=\"647\" \/>\n\t<meta property=\"og:image:height\" content=\"647\" \/>\n\t<meta property=\"og:image:type\" content=\"image\/png\" \/>\n<meta name=\"author\" content=\"Anne-Laure Gourdon\" \/>\n<meta name=\"twitter:card\" content=\"summary_large_image\" \/>\n<meta name=\"twitter:label1\" content=\"\u00c9crit par\" \/>\n\t<meta name=\"twitter:data1\" content=\"Anne-Laure Gourdon\" \/>\n\t<meta name=\"twitter:label2\" content=\"Dur\u00e9e de lecture estim\u00e9e\" \/>\n\t<meta name=\"twitter:data2\" content=\"7 minutes\" \/>\n<script type=\"application\/ld+json\" class=\"yoast-schema-graph\">{\"@context\":\"https:\/\/schema.org\",\"@graph\":[{\"@type\":\"Article\",\"@id\":\"https:\/\/international.franceclat.fr\/fr\/french-creative-corner-a-vicenzaoro\/#article\",\"isPartOf\":{\"@id\":\"https:\/\/international.franceclat.fr\/fr\/french-creative-corner-a-vicenzaoro\/\"},\"author\":{\"name\":\"Anne-Laure Gourdon\",\"@id\":\"https:\/\/franceclat.votre-projet.com\/#\/schema\/person\/6879fd88f0571acf41be49bd881d05c9\"},\"headline\":\"French Creative Corner \u00e0 VicenzaOro\",\"datePublished\":\"2024-07-04T13:35:54+00:00\",\"dateModified\":\"2024-07-19T13:20:36+00:00\",\"mainEntityOfPage\":{\"@id\":\"https:\/\/international.franceclat.fr\/fr\/french-creative-corner-a-vicenzaoro\/\"},\"wordCount\":1174,\"commentCount\":0,\"publisher\":{\"@id\":\"https:\/\/franceclat.votre-projet.com\/#organization\"},\"image\":{\"@id\":\"https:\/\/international.franceclat.fr\/fr\/french-creative-corner-a-vicenzaoro\/#primaryimage\"},\"thumbnailUrl\":\"https:\/\/international.franceclat.fr\/wp-content\/uploads\/2024\/07\/French-Creative-Corner-logo-fond-bleu-.png\",\"articleSection\":[\"Bijouterie &amp; joaillerie\"],\"inLanguage\":\"fr-FR\",\"potentialAction\":[{\"@type\":\"CommentAction\",\"name\":\"Comment\",\"target\":[\"https:\/\/international.franceclat.fr\/fr\/french-creative-corner-a-vicenzaoro\/#respond\"]}]},{\"@type\":\"WebPage\",\"@id\":\"https:\/\/international.franceclat.fr\/fr\/french-creative-corner-a-vicenzaoro\/\",\"url\":\"https:\/\/international.franceclat.fr\/fr\/french-creative-corner-a-vicenzaoro\/\",\"name\":\"French Creative Corner \u00e0 VicenzaOro - FRANCECLAT INTERNATIONAL\",\"isPartOf\":{\"@id\":\"https:\/\/franceclat.votre-projet.com\/#website\"},\"primaryImageOfPage\":{\"@id\":\"https:\/\/international.franceclat.fr\/fr\/french-creative-corner-a-vicenzaoro\/#primaryimage\"},\"image\":{\"@id\":\"https:\/\/international.franceclat.fr\/fr\/french-creative-corner-a-vicenzaoro\/#primaryimage\"},\"thumbnailUrl\":\"https:\/\/international.franceclat.fr\/wp-content\/uploads\/2024\/07\/French-Creative-Corner-logo-fond-bleu-.png\",\"datePublished\":\"2024-07-04T13:35:54+00:00\",\"dateModified\":\"2024-07-19T13:20:36+00:00\",\"description\":\"Le French Creative Corner r\u00e9unira six marques fran\u00e7aises de joaillerie et de bijouterie fantaisie : Animisma, Bangle-Up, Ikoba, Mille et Une Perles, Morganne Bello et Mysteryjoy. Un espace d\u00e9di\u00e9 sur le French Creative Corner accueillera une exposition collective, mettant en avant toutes les marques fran\u00e7aises pr\u00e9sentes au salon avec une trentaine de bijoux organis\u00e9s par th\u00e8me. Cette pr\u00e9sentation illustrera la cr\u00e9ativit\u00e9 et la diversit\u00e9 de la sc\u00e8ne joailli\u00e8re fran\u00e7aise.\",\"breadcrumb\":{\"@id\":\"https:\/\/international.franceclat.fr\/fr\/french-creative-corner-a-vicenzaoro\/#breadcrumb\"},\"inLanguage\":\"fr-FR\",\"potentialAction\":[{\"@type\":\"ReadAction\",\"target\":[\"https:\/\/international.franceclat.fr\/fr\/french-creative-corner-a-vicenzaoro\/\"]}]},{\"@type\":\"ImageObject\",\"inLanguage\":\"fr-FR\",\"@id\":\"https:\/\/international.franceclat.fr\/fr\/french-creative-corner-a-vicenzaoro\/#primaryimage\",\"url\":\"https:\/\/international.franceclat.fr\/wp-content\/uploads\/2024\/07\/French-Creative-Corner-logo-fond-bleu-.png\",\"contentUrl\":\"https:\/\/international.franceclat.fr\/wp-content\/uploads\/2024\/07\/French-Creative-Corner-logo-fond-bleu-.png\",\"width\":647,\"height\":647,\"caption\":\"French Creative Corner logo fond bleu-\"},{\"@type\":\"BreadcrumbList\",\"@id\":\"https:\/\/international.franceclat.fr\/fr\/french-creative-corner-a-vicenzaoro\/#breadcrumb\",\"itemListElement\":[{\"@type\":\"ListItem\",\"position\":1,\"name\":\"Accueil\",\"item\":\"https:\/\/international.franceclat.fr\/fr\/\"},{\"@type\":\"ListItem\",\"position\":2,\"name\":\"French Creative Corner \u00e0 VicenzaOro\"}]},{\"@type\":\"WebSite\",\"@id\":\"https:\/\/franceclat.votre-projet.com\/#website\",\"url\":\"https:\/\/franceclat.votre-projet.com\/\",\"name\":\"Franc\u00e9clat international\",\"description\":\"The path to French excellence. Watches, Jewellery, Tableware.\",\"publisher\":{\"@id\":\"https:\/\/franceclat.votre-projet.com\/#organization\"},\"alternateName\":\"Franc\u00e9clat international\",\"potentialAction\":[{\"@type\":\"SearchAction\",\"target\":{\"@type\":\"EntryPoint\",\"urlTemplate\":\"https:\/\/franceclat.votre-projet.com\/?s={search_term_string}\"},\"query-input\":{\"@type\":\"PropertyValueSpecification\",\"valueRequired\":true,\"valueName\":\"search_term_string\"}}],\"inLanguage\":\"fr-FR\"},{\"@type\":\"Organization\",\"@id\":\"https:\/\/franceclat.votre-projet.com\/#organization\",\"name\":\"Franc\u00e9clat international\",\"url\":\"https:\/\/franceclat.votre-projet.com\/\",\"logo\":{\"@type\":\"ImageObject\",\"inLanguage\":\"fr-FR\",\"@id\":\"https:\/\/franceclat.votre-projet.com\/#\/schema\/logo\/image\/\",\"url\":\"https:\/\/international.franceclat.fr\/wp-content\/uploads\/2023\/02\/Logo-Franceclat.png\",\"contentUrl\":\"https:\/\/international.franceclat.fr\/wp-content\/uploads\/2023\/02\/Logo-Franceclat.png\",\"width\":1667,\"height\":1667,\"caption\":\"Franc\u00e9clat international\"},\"image\":{\"@id\":\"https:\/\/franceclat.votre-projet.com\/#\/schema\/logo\/image\/\"},\"sameAs\":[\"https:\/\/www.linkedin.com\/company\/franceclat-international\/\"]},{\"@type\":\"Person\",\"@id\":\"https:\/\/franceclat.votre-projet.com\/#\/schema\/person\/6879fd88f0571acf41be49bd881d05c9\",\"name\":\"Anne-Laure Gourdon\",\"image\":{\"@type\":\"ImageObject\",\"inLanguage\":\"fr-FR\",\"@id\":\"https:\/\/franceclat.votre-projet.com\/#\/schema\/person\/image\/\",\"url\":\"https:\/\/secure.gravatar.com\/avatar\/28c92b99127350fceea3d9580adcbbb4d7cae6b1117123f8e8072fae70ef6b81?s=96&d=mm&r=g\",\"contentUrl\":\"https:\/\/secure.gravatar.com\/avatar\/28c92b99127350fceea3d9580adcbbb4d7cae6b1117123f8e8072fae70ef6b81?s=96&d=mm&r=g\",\"caption\":\"Anne-Laure Gourdon\"},\"url\":\"https:\/\/international.franceclat.fr\/fr\/author\/anne-laure-gourdon\/\"}]}<\/script>\n<!-- \/ Yoast SEO plugin. -->","yoast_head_json":{"title":"French Creative Corner \u00e0 VicenzaOro - FRANCECLAT INTERNATIONAL","description":"Le French Creative Corner r\u00e9unira six marques fran\u00e7aises de joaillerie et de bijouterie fantaisie : Animisma, Bangle-Up, Ikoba, Mille et Une Perles, Morganne Bello et Mysteryjoy. Un espace d\u00e9di\u00e9 sur le French Creative Corner accueillera une exposition collective, mettant en avant toutes les marques fran\u00e7aises pr\u00e9sentes au salon avec une trentaine de bijoux organis\u00e9s par th\u00e8me. Cette pr\u00e9sentation illustrera la cr\u00e9ativit\u00e9 et la diversit\u00e9 de la sc\u00e8ne joailli\u00e8re fran\u00e7aise.","robots":{"index":"index","follow":"follow","max-snippet":"max-snippet:-1","max-image-preview":"max-image-preview:large","max-video-preview":"max-video-preview:-1"},"canonical":"https:\/\/international.franceclat.fr\/fr\/french-creative-corner-a-vicenzaoro\/","og_locale":"fr_FR","og_type":"article","og_title":"French Creative Corner \u00e0 VicenzaOro - FRANCECLAT INTERNATIONAL","og_description":"Le French Creative Corner r\u00e9unira six marques fran\u00e7aises de joaillerie et de bijouterie fantaisie : Animisma, Bangle-Up, Ikoba, Mille et Une Perles, Morganne Bello et Mysteryjoy. Un espace d\u00e9di\u00e9 sur le French Creative Corner accueillera une exposition collective, mettant en avant toutes les marques fran\u00e7aises pr\u00e9sentes au salon avec une trentaine de bijoux organis\u00e9s par th\u00e8me. Cette pr\u00e9sentation illustrera la cr\u00e9ativit\u00e9 et la diversit\u00e9 de la sc\u00e8ne joailli\u00e8re fran\u00e7aise.","og_url":"https:\/\/international.franceclat.fr\/fr\/french-creative-corner-a-vicenzaoro\/","og_site_name":"FRANCECLAT INTERNATIONAL","article_published_time":"2024-07-04T13:35:54+00:00","article_modified_time":"2024-07-19T13:20:36+00:00","og_image":[{"width":647,"height":647,"url":"https:\/\/international.franceclat.fr\/wp-content\/uploads\/2024\/07\/French-Creative-Corner-logo-fond-bleu-.png","type":"image\/png"}],"author":"Anne-Laure Gourdon","twitter_card":"summary_large_image","twitter_misc":{"\u00c9crit par":"Anne-Laure Gourdon","Dur\u00e9e de lecture estim\u00e9e":"7 minutes"},"schema":{"@context":"https:\/\/schema.org","@graph":[{"@type":"Article","@id":"https:\/\/international.franceclat.fr\/fr\/french-creative-corner-a-vicenzaoro\/#article","isPartOf":{"@id":"https:\/\/international.franceclat.fr\/fr\/french-creative-corner-a-vicenzaoro\/"},"author":{"name":"Anne-Laure Gourdon","@id":"https:\/\/franceclat.votre-projet.com\/#\/schema\/person\/6879fd88f0571acf41be49bd881d05c9"},"headline":"French Creative Corner \u00e0 VicenzaOro","datePublished":"2024-07-04T13:35:54+00:00","dateModified":"2024-07-19T13:20:36+00:00","mainEntityOfPage":{"@id":"https:\/\/international.franceclat.fr\/fr\/french-creative-corner-a-vicenzaoro\/"},"wordCount":1174,"commentCount":0,"publisher":{"@id":"https:\/\/franceclat.votre-projet.com\/#organization"},"image":{"@id":"https:\/\/international.franceclat.fr\/fr\/french-creative-corner-a-vicenzaoro\/#primaryimage"},"thumbnailUrl":"https:\/\/international.franceclat.fr\/wp-content\/uploads\/2024\/07\/French-Creative-Corner-logo-fond-bleu-.png","articleSection":["Bijouterie &amp; joaillerie"],"inLanguage":"fr-FR","potentialAction":[{"@type":"CommentAction","name":"Comment","target":["https:\/\/international.franceclat.fr\/fr\/french-creative-corner-a-vicenzaoro\/#respond"]}]},{"@type":"WebPage","@id":"https:\/\/international.franceclat.fr\/fr\/french-creative-corner-a-vicenzaoro\/","url":"https:\/\/international.franceclat.fr\/fr\/french-creative-corner-a-vicenzaoro\/","name":"French Creative Corner \u00e0 VicenzaOro - FRANCECLAT INTERNATIONAL","isPartOf":{"@id":"https:\/\/franceclat.votre-projet.com\/#website"},"primaryImageOfPage":{"@id":"https:\/\/international.franceclat.fr\/fr\/french-creative-corner-a-vicenzaoro\/#primaryimage"},"image":{"@id":"https:\/\/international.franceclat.fr\/fr\/french-creative-corner-a-vicenzaoro\/#primaryimage"},"thumbnailUrl":"https:\/\/international.franceclat.fr\/wp-content\/uploads\/2024\/07\/French-Creative-Corner-logo-fond-bleu-.png","datePublished":"2024-07-04T13:35:54+00:00","dateModified":"2024-07-19T13:20:36+00:00","description":"Le French Creative Corner r\u00e9unira six marques fran\u00e7aises de joaillerie et de bijouterie fantaisie : Animisma, Bangle-Up, Ikoba, Mille et Une Perles, Morganne Bello et Mysteryjoy. Un espace d\u00e9di\u00e9 sur le French Creative Corner accueillera une exposition collective, mettant en avant toutes les marques fran\u00e7aises pr\u00e9sentes au salon avec une trentaine de bijoux organis\u00e9s par th\u00e8me. Cette pr\u00e9sentation illustrera la cr\u00e9ativit\u00e9 et la diversit\u00e9 de la sc\u00e8ne joailli\u00e8re fran\u00e7aise.","breadcrumb":{"@id":"https:\/\/international.franceclat.fr\/fr\/french-creative-corner-a-vicenzaoro\/#breadcrumb"},"inLanguage":"fr-FR","potentialAction":[{"@type":"ReadAction","target":["https:\/\/international.franceclat.fr\/fr\/french-creative-corner-a-vicenzaoro\/"]}]},{"@type":"ImageObject","inLanguage":"fr-FR","@id":"https:\/\/international.franceclat.fr\/fr\/french-creative-corner-a-vicenzaoro\/#primaryimage","url":"https:\/\/international.franceclat.fr\/wp-content\/uploads\/2024\/07\/French-Creative-Corner-logo-fond-bleu-.png","contentUrl":"https:\/\/international.franceclat.fr\/wp-content\/uploads\/2024\/07\/French-Creative-Corner-logo-fond-bleu-.png","width":647,"height":647,"caption":"French Creative Corner logo fond bleu-"},{"@type":"BreadcrumbList","@id":"https:\/\/international.franceclat.fr\/fr\/french-creative-corner-a-vicenzaoro\/#breadcrumb","itemListElement":[{"@type":"ListItem","position":1,"name":"Accueil","item":"https:\/\/international.franceclat.fr\/fr\/"},{"@type":"ListItem","position":2,"name":"French Creative Corner \u00e0 VicenzaOro"}]},{"@type":"WebSite","@id":"https:\/\/franceclat.votre-projet.com\/#website","url":"https:\/\/franceclat.votre-projet.com\/","name":"Franc\u00e9clat international","description":"The path to French excellence. Watches, Jewellery, Tableware.","publisher":{"@id":"https:\/\/franceclat.votre-projet.com\/#organization"},"alternateName":"Franc\u00e9clat international","potentialAction":[{"@type":"SearchAction","target":{"@type":"EntryPoint","urlTemplate":"https:\/\/franceclat.votre-projet.com\/?s={search_term_string}"},"query-input":{"@type":"PropertyValueSpecification","valueRequired":true,"valueName":"search_term_string"}}],"inLanguage":"fr-FR"},{"@type":"Organization","@id":"https:\/\/franceclat.votre-projet.com\/#organization","name":"Franc\u00e9clat international","url":"https:\/\/franceclat.votre-projet.com\/","logo":{"@type":"ImageObject","inLanguage":"fr-FR","@id":"https:\/\/franceclat.votre-projet.com\/#\/schema\/logo\/image\/","url":"https:\/\/international.franceclat.fr\/wp-content\/uploads\/2023\/02\/Logo-Franceclat.png","contentUrl":"https:\/\/international.franceclat.fr\/wp-content\/uploads\/2023\/02\/Logo-Franceclat.png","width":1667,"height":1667,"caption":"Franc\u00e9clat international"},"image":{"@id":"https:\/\/franceclat.votre-projet.com\/#\/schema\/logo\/image\/"},"sameAs":["https:\/\/www.linkedin.com\/company\/franceclat-international\/"]},{"@type":"Person","@id":"https:\/\/franceclat.votre-projet.com\/#\/schema\/person\/6879fd88f0571acf41be49bd881d05c9","name":"Anne-Laure Gourdon","image":{"@type":"ImageObject","inLanguage":"fr-FR","@id":"https:\/\/franceclat.votre-projet.com\/#\/schema\/person\/image\/","url":"https:\/\/secure.gravatar.com\/avatar\/28c92b99127350fceea3d9580adcbbb4d7cae6b1117123f8e8072fae70ef6b81?s=96&d=mm&r=g","contentUrl":"https:\/\/secure.gravatar.com\/avatar\/28c92b99127350fceea3d9580adcbbb4d7cae6b1117123f8e8072fae70ef6b81?s=96&d=mm&r=g","caption":"Anne-Laure Gourdon"},"url":"https:\/\/international.franceclat.fr\/fr\/author\/anne-laure-gourdon\/"}]}},"_links":{"self":[{"href":"https:\/\/international.franceclat.fr\/fr\/wp-json\/wp\/v2\/posts\/31286","targetHints":{"allow":["GET"]}}],"collection":[{"href":"https:\/\/international.franceclat.fr\/fr\/wp-json\/wp\/v2\/posts"}],"about":[{"href":"https:\/\/international.franceclat.fr\/fr\/wp-json\/wp\/v2\/types\/post"}],"author":[{"embeddable":true,"href":"https:\/\/international.franceclat.fr\/fr\/wp-json\/wp\/v2\/users\/10"}],"replies":[{"embeddable":true,"href":"https:\/\/international.franceclat.fr\/fr\/wp-json\/wp\/v2\/comments?post=31286"}],"version-history":[{"count":5,"href":"https:\/\/international.franceclat.fr\/fr\/wp-json\/wp\/v2\/posts\/31286\/revisions"}],"predecessor-version":[{"id":31475,"href":"https:\/\/international.franceclat.fr\/fr\/wp-json\/wp\/v2\/posts\/31286\/revisions\/31475"}],"wp:featuredmedia":[{"embeddable":true,"href":"https:\/\/international.franceclat.fr\/fr\/wp-json\/wp\/v2\/media\/31317"}],"wp:attachment":[{"href":"https:\/\/international.franceclat.fr\/fr\/wp-json\/wp\/v2\/media?parent=31286"}],"wp:term":[{"taxonomy":"category","embeddable":true,"href":"https:\/\/international.franceclat.fr\/fr\/wp-json\/wp\/v2\/categories?post=31286"},{"taxonomy":"post_tag","embeddable":true,"href":"https:\/\/international.franceclat.fr\/fr\/wp-json\/wp\/v2\/tags?post=31286"}],"curies":[{"name":"wp","href":"https:\/\/api.w.org\/{rel}","templated":true}]}}